{"id":8960,"date":"2015-05-14T00:04:41","date_gmt":"2015-05-14T03:04:41","guid":{"rendered":"http:\/\/obispadodezaratecampana.org\/?p=8960"},"modified":"2015-05-14T02:41:51","modified_gmt":"2015-05-14T05:41:51","slug":"entrevista-al-director-de-caritas-diocesana","status":"publish","type":"post","link":"http:\/\/obispadodezaratecampana.org\/?p=8960","title":{"rendered":"&#8211; Entrevista al Director de C\u00e1ritas diocesana &#8211;"},"content":{"rendered":"<p>Estimados lectores, les compartimos este enlace con el audio de una entrevista realizada el 12 de mayo &#8211; por Jose Cuello, Director de Medios del Obispado de nuestra di\u00f3cesis de Z\u00e1rate- Campana-, al nuevo Director de C\u00e1ritas Diocesana: Patricio Ballesteros &#8211; fue designado para tal funci\u00f3n por Monse\u00f1or Sarlinga a fines de diciembre del a\u00f1o 2014-. En el nos habla acerca de su vocaci\u00f3n de servicio y llamado a este nuevo desaf\u00edo :<\/p>\n<p><a title=\"patricio\" href=\"https:\/\/www.facebook.com\/pages\/Cadena-Santa-MARIA\/349422915176146?fref=ts\" target=\"_blank\">https:\/\/www.facebook.com\/pages\/Cadena-Santa-MARIA\/349422915176146?fref=ts<\/a><\/p>\n<p><strong>Reuni\u00f3n Pastoral de C\u00e1ritas: s\u00e1bado 9 de mayo<\/strong><\/p>\n<p>El 9 de mayo, en el marco de la Fiesta Patronal Diocesana por la Virgen de Luj\u00e1n, las diferentes \u00e1reas pastorales de la di\u00f3cesis estuvieron trabajando y reflexionando en grupo, en las instalaciones del Colegio San Jose de Baradero. Las fotos que compartimos a continuaci\u00f3n se corresponden particularmente al encuentro de C\u00e1ritas, del que participaron &#8211; adem\u00e1s de sus responsables a nivel diocesano &#8211; representantes de las Caritas de comunidades parroquiales.<\/p>\n<p><img fetchpriority=\"high\" decoding=\"async\" class=\"size-medium wp-image-8969 aligncenter\" src=\"http:\/\/obispadodezaratecampana.org\/wp-content\/uploads\/2015\/05\/caritas1-225x300.jpg\" alt=\"caritas\" width=\"225\" height=\"300\" srcset=\"http:\/\/obispadodezaratecampana.org\/wp-content\/uploads\/2015\/05\/caritas1-225x300.jpg 225w, http:\/\/obispadodezaratecampana.org\/wp-content\/uploads\/2015\/05\/caritas1.jpg 720w\" sizes=\"(max-width: 225px) 100vw, 225px\" \/><\/p>\n<p><img decoding=\"async\" class=\"size-medium wp-image-8970 aligncenter\" src=\"http:\/\/obispadodezaratecampana.org\/wp-content\/uploads\/2015\/05\/caritasb-300x240.jpg\" alt=\"caritasb\" width=\"300\" height=\"240\" srcset=\"http:\/\/obispadodezaratecampana.org\/wp-content\/uploads\/2015\/05\/caritasb-300x240.jpg 300w, http:\/\/obispadodezaratecampana.org\/wp-content\/uploads\/2015\/05\/caritasb.jpg 960w\" sizes=\"(max-width: 300px) 100vw, 300px\" \/><\/p>\n<p><img decoding=\"async\" class=\"size-medium wp-image-8971 aligncenter\" src=\"http:\/\/obispadodezaratecampana.org\/wp-content\/uploads\/2015\/05\/caritasc-300x203.jpg\" alt=\"caritasc\" width=\"300\" height=\"203\" srcset=\"http:\/\/obispadodezaratecampana.org\/wp-content\/uploads\/2015\/05\/caritasc-300x203.jpg 300w, http:\/\/obispadodezaratecampana.org\/wp-content\/uploads\/2015\/05\/caritasc.jpg 960w\" sizes=\"(max-width: 300px) 100vw, 300px\" \/><\/p>\n<p><img loading=\"lazy\" decoding=\"async\" class=\"size-medium wp-image-8972 aligncenter\" src=\"http:\/\/obispadodezaratecampana.org\/wp-content\/uploads\/2015\/05\/caritase-300x200.jpg\" alt=\"caritase\" width=\"300\" height=\"200\" srcset=\"http:\/\/obispadodezaratecampana.org\/wp-content\/uploads\/2015\/05\/caritase-300x200.jpg 300w, http:\/\/obispadodezaratecampana.org\/wp-content\/uploads\/2015\/05\/caritase.jpg 960w\" sizes=\"(max-width: 300px) 100vw, 300px\" \/><\/p>\n<p><img loading=\"lazy\" decoding=\"async\" class=\"size-medium wp-image-8961 aligncenter\" src=\"http:\/\/obispadodezaratecampana.org\/wp-content\/uploads\/2015\/05\/patri-300x225.jpg\" alt=\"patri\" width=\"300\" height=\"225\" srcset=\"http:\/\/obispadodezaratecampana.org\/wp-content\/uploads\/2015\/05\/patri-300x225.jpg 300w, http:\/\/obispadodezaratecampana.org\/wp-content\/uploads\/2015\/05\/patri.jpg 960w\" sizes=\"(max-width: 300px) 100vw, 300px\" \/><\/p>\n<!-- AddThis Advanced Settings generic via filter on the_content --><!-- AddThis Share Buttons generic via filter on the_content -->","protected":false},"excerpt":{"rendered":"<p>Estimados lectores, les compartimos este enlace con el audio de una entrevista realizada el 12 de mayo &#8211; por Jose Cuello, Director de Medios del [&hellip;]<!-- AddThis Advanced Settings generic via filter on get_the_excerpt --><!-- AddThis Share Buttons generic via filter on get_the_excerpt --><\/p>\n","protected":false},"author":2,"featured_media":8961,"comment_status":"open","ping_status":"open","sticky":false,"template":"","format":"video","meta":{"footnotes":""},"categories":[1],"tags":[],"class_list":["post-8960","post","type-post","status-publish","format-video","has-post-thumbnail","hentry","category-noticiasdiocesanas","post_format-post-format-video"],"_links":{"self":[{"href":"http:\/\/obispadodezaratecampana.org\/index.php?rest_route=\/wp\/v2\/posts\/8960","targetHints":{"allow":["GET"]}}],"collection":[{"href":"http:\/\/obispadodezaratecampana.org\/index.php?rest_route=\/wp\/v2\/posts"}],"about":[{"href":"http:\/\/obispadodezaratecampana.org\/index.php?rest_route=\/wp\/v2\/types\/post"}],"author":[{"embeddable":true,"href":"http:\/\/obispadodezaratecampana.org\/index.php?rest_route=\/wp\/v2\/users\/2"}],"replies":[{"embeddable":true,"href":"http:\/\/obispadodezaratecampana.org\/index.php?rest_route=%2Fwp%2Fv2%2Fcomments&post=8960"}],"version-history":[{"count":6,"href":"http:\/\/obispadodezaratecampana.org\/index.php?rest_route=\/wp\/v2\/posts\/8960\/revisions"}],"predecessor-version":[{"id":8976,"href":"http:\/\/obispadodezaratecampana.org\/index.php?rest_route=\/wp\/v2\/posts\/8960\/revisions\/8976"}],"wp:featuredmedia":[{"embeddable":true,"href":"http:\/\/obispadodezaratecampana.org\/index.php?rest_route=\/wp\/v2\/media\/8961"}],"wp:attachment":[{"href":"http:\/\/obispadodezaratecampana.org\/index.php?rest_route=%2Fwp%2Fv2%2Fmedia&parent=8960"}],"wp:term":[{"taxonomy":"category","embeddable":true,"href":"http:\/\/obispadodezaratecampana.org\/index.php?rest_route=%2Fwp%2Fv2%2Fcategories&post=8960"},{"taxonomy":"post_tag","embeddable":true,"href":"http:\/\/obispadodezaratecampana.org\/index.php?rest_route=%2Fwp%2Fv2%2Ftags&post=8960"}],"curies":[{"name":"wp","href":"https:\/\/api.w.org\/{rel}","templated":true}]}}