{"id":8957,"date":"2015-05-13T23:52:00","date_gmt":"2015-05-14T02:52:00","guid":{"rendered":"http:\/\/obispadodezaratecampana.org\/?p=8957"},"modified":"2015-05-13T23:54:27","modified_gmt":"2015-05-14T02:54:27","slug":"francisco-virgen-de-fatima","status":"publish","type":"post","link":"http:\/\/obispadodezaratecampana.org\/?p=8957","title":{"rendered":"Francisco : Virgen de F\u00e1tima"},"content":{"rendered":"<p>El Papa Francisco no quiso olvidar que este mi\u00e9rcoles, como cada 13 de mayo, se celebra la Fiesta de la Virgen de F\u00e1tima y alent\u00f3 a los fieles en la audiencia general en la Plaza de San Pedro a confiarle todo lo que son para ser instrumentos de misericordia.<\/p>\n<p>En su saludo a los fieles de lengua portuguesa, el Santo Padre dijo que \u201cen este d\u00eda de la Virgen de F\u00e1tima, los invito a multiplicar los gestos diarios de veneraci\u00f3n e imitaci\u00f3n de la Madre de Dios. Conf\u00edenle todo aquello que son, todo aquello que tienen; y as\u00ed ser\u00e1n capaces de ser un instrumento de la misericordia y de la ternura de Dios para sus familiares, vecinos y amigos\u201d.<\/p>\n<p>El Papa tambi\u00e9n salud\u00f3, como suele hacer, a los enfermos, j\u00f3venes y reci\u00e9n casados: \u201cdirijo un particular pensamiento a los j\u00f3venes, a los enfermos, y a los esposos reci\u00e9n casados. Hoy es la memoria lit\u00fargica de la Beata Virgen Mar\u00eda de F\u00e1tima\u201d.<\/p>\n<p>\u201cQueridos j\u00f3venes, aprendan a cultivar la devoci\u00f3n a la Madre de Dios recitando cada d\u00eda el Rosario; queridos enfermos, sientan a Mar\u00eda presente en la hora de la cruz, y ustedes, queridos esposos reci\u00e9n casados, recen a ella para que no falte nunca en su casa el amor y el respeto rec\u00edproco\u201d.<\/p>\n<p>Francisco tambi\u00e9n pidi\u00f3 al sacerdote que lee el resumen en portugu\u00e9s que rezara una oraci\u00f3n a Mar\u00eda en ese idioma: \u201cahora, pido a mi hermano portugu\u00e9s que, en este d\u00eda de la Virgen de F\u00e1tima, rece en portugu\u00e9s un Ave Mar\u00eda a la Virgen y todos lo hacemos en silencio\u201d.<\/p>\n<p>Fuente: www.aciprensa.com<\/p>\n<p style=\"color: #141823;\"><strong>FIESTA DE LA VIRGEN DE F\u00c1TIMA.<\/strong><\/p>\n<p style=\"color: #141823;\">ORACI\u00d3N DE CONSAGRACI\u00d3N A LA VIRGEN DE F\u00c1TIMA<\/p>\n<p style=\"color: #141823;\">(POR EL PAPA FRANCISCO):<\/p>\n<p style=\"color: #141823;\">&#8220;Bienaventurada Mar\u00eda Virgen de F\u00e1tima,<br \/>\ncon renovada gratitud por tu presencia maternal<br \/>\nunimos nuestra voz a la de todas las generaciones<span class=\"text_exposed_show\"><br \/>\nque te llaman bienaventurada.<\/span><\/p>\n<div class=\"text_exposed_show\" style=\"color: #141823;\">\n<p>Celebramos en ti las grandes obras de Dios,<br \/>\nque nunca se cansa de inclinarse con misericordia hacia la humanidad,<br \/>\nafligida por el mal y herida por el pecado,<br \/>\npara curarla y salvarla.<\/p>\n<p>Acoge con benevolencia de Madre<br \/>\nel acto de consagraci\u00f3n que hoy hacemos con confianza,<br \/>\nante esta imagen tuya tan querida por nosotros.<\/p>\n<p>Estamos seguros de que cada uno de nosotros es precioso a tus ojos,<br \/>\ny que nada de lo que habita en nuestros corazones es ajeno a ti.<\/p>\n<p>Nos dejamos alcanzar por tu dulc\u00edsima mirada<br \/>\ny recibimos la consoladora caricia de tu sonrisa.<\/p>\n<p>Custodia nuestra vida entre tus brazos:<br \/>\nbendice y refuerza todo deseo de bien;<br \/>\nreaviva y alimenta la fe;<br \/>\nsostiene e ilumina la esperanza;<br \/>\nsuscita y anima la caridad;<br \/>\ngu\u00edanos a todos nosotros por el camino de la santidad.<\/p>\n<p>Ens\u00e9\u00f1anos tu mismo amor de predilecci\u00f3n<br \/>\npor los peque\u00f1os y los pobres,<br \/>\npor los excluidos y los que sufren,<br \/>\npor los pecadores y los extraviados de coraz\u00f3n:<br \/>\ncongrega a todos bajo tu protecci\u00f3n<br \/>\ny entr\u00e9galos a todos a tu dilecto Hijo, el Se\u00f1or nuestro Jes\u00fas.<\/p>\n<p>Am\u00e9n&#8221;.<\/p>\n<p>(Acto de consagraci\u00f3n a la Virgen de F\u00e1tima por el Papa Francisco, al final de la Misa con ocasi\u00f3n de la Jornada mariana &#8211; Plaza de San Pedro, 13 de octubre de 2013)<\/p>\n<p>Fuente: www.news.va<\/p>\n<\/div>\n<!-- AddThis Advanced Settings generic via filter on the_content --><!-- AddThis Share Buttons generic via filter on the_content -->","protected":false},"excerpt":{"rendered":"<p>El Papa Francisco no quiso olvidar que este mi\u00e9rcoles, como cada 13 de mayo, se celebra la Fiesta de la Virgen de F\u00e1tima y alent\u00f3 [&hellip;]<!-- AddThis Advanced Settings generic via filter on get_the_excerpt --><!-- AddThis Share Buttons generic via filter on get_the_excerpt --><\/p>\n","protected":false},"author":2,"featured_media":8958,"comment_status":"open","ping_status":"open","sticky":false,"template":"","format":"standard","meta":{"footnotes":""},"categories":[161],"tags":[],"class_list":["post-8957","post","type-post","status-publish","format-standard","has-post-thumbnail","hentry","category-el-papa-leonxiv"],"_links":{"self":[{"href":"http:\/\/obispadodezaratecampana.org\/index.php?rest_route=\/wp\/v2\/posts\/8957","targetHints":{"allow":["GET"]}}],"collection":[{"href":"http:\/\/obispadodezaratecampana.org\/index.php?rest_route=\/wp\/v2\/posts"}],"about":[{"href":"http:\/\/obispadodezaratecampana.org\/index.php?rest_route=\/wp\/v2\/types\/post"}],"author":[{"embeddable":true,"href":"http:\/\/obispadodezaratecampana.org\/index.php?rest_route=\/wp\/v2\/users\/2"}],"replies":[{"embeddable":true,"href":"http:\/\/obispadodezaratecampana.org\/index.php?rest_route=%2Fwp%2Fv2%2Fcomments&post=8957"}],"version-history":[{"count":1,"href":"http:\/\/obispadodezaratecampana.org\/index.php?rest_route=\/wp\/v2\/posts\/8957\/revisions"}],"predecessor-version":[{"id":8959,"href":"http:\/\/obispadodezaratecampana.org\/index.php?rest_route=\/wp\/v2\/posts\/8957\/revisions\/8959"}],"wp:featuredmedia":[{"embeddable":true,"href":"http:\/\/obispadodezaratecampana.org\/index.php?rest_route=\/wp\/v2\/media\/8958"}],"wp:attachment":[{"href":"http:\/\/obispadodezaratecampana.org\/index.php?rest_route=%2Fwp%2Fv2%2Fmedia&parent=8957"}],"wp:term":[{"taxonomy":"category","embeddable":true,"href":"http:\/\/obispadodezaratecampana.org\/index.php?rest_route=%2Fwp%2Fv2%2Fcategories&post=8957"},{"taxonomy":"post_tag","embeddable":true,"href":"http:\/\/obispadodezaratecampana.org\/index.php?rest_route=%2Fwp%2Fv2%2Ftags&post=8957"}],"curies":[{"name":"wp","href":"https:\/\/api.w.org\/{rel}","templated":true}]}}