{"id":8889,"date":"2015-05-12T19:58:08","date_gmt":"2015-05-12T22:58:08","guid":{"rendered":"http:\/\/obispadodezaratecampana.org\/?p=8889"},"modified":"2015-05-13T01:32:42","modified_gmt":"2015-05-13T04:32:42","slug":"fiesta-patronal-diocesana-9-de-mayo","status":"publish","type":"post","link":"http:\/\/obispadodezaratecampana.org\/?p=8889","title":{"rendered":"< FIESTA PATRONAL DIOCESANA: 9 DE MAYO >"},"content":{"rendered":"<p>El s\u00e1bado 9 de mayo , se llev\u00f3 a cabo \u00a0la Fiesta Patronal Diocesana en honor a la Virgen de Luj\u00e1n, en el partido de Baradero (cabe mencionar que dicha ciudad estar\u00e1 festejando pr\u00f3ximamente \u00a0&#8211; durante este a\u00f1o 2015- \u00a0sus 400 a\u00f1os) ; bajo el lema: <em>&#8220;CON MARIA DE LUJAN Y SANTIAGO, ESCUCHA, APRENDE Y ANUNCIA&#8221;.\u00a0<\/em><\/p>\n<p>Baradero ser\u00e1 tambi\u00e9n sede de la Misi\u00f3n Juvenil Diocesana &#8211; en el mes de octubre-.<\/p>\n<p><em>A continuaci\u00f3n compartimos los sucesos y detalles acerca de esta fiesta de FE.<\/em><\/p>\n<p>BIENVENIDA<\/p>\n<p>Desde antes de las 9: 30 hs , se dieron cita quienes participaron del encuentro (laicos, religiosas de diversas congregaciones, sacerdotes, seminaristas). El mismo se llevo a cabo en las instalaciones del Colegio San Jose de Baradero &#8211; calle Anchorena 707 -, situado a pocas cuadras de la parroquia Santiago Ap\u00f3stol y plaza principal de la ciudad.<\/p>\n<p><em>Numerosos voluntarios \u00a0&#8211; j\u00f3venes y adultos-que se encargaron de servir y ayudar: con el desayuno, el buffet del almuerzo, actuando como\u00a0gu\u00edas, limpiando, etc.\u00a0<\/em><\/p>\n<p><img fetchpriority=\"high\" decoding=\"async\" class=\"size-medium wp-image-8949 aligncenter\" src=\"http:\/\/obispadodezaratecampana.org\/wp-content\/uploads\/2015\/05\/servib-300x200.jpg\" alt=\"servib\" width=\"300\" height=\"200\" srcset=\"http:\/\/obispadodezaratecampana.org\/wp-content\/uploads\/2015\/05\/servib-300x200.jpg 300w, http:\/\/obispadodezaratecampana.org\/wp-content\/uploads\/2015\/05\/servib.jpg 960w\" sizes=\"(max-width: 300px) 100vw, 300px\" \/><\/p>\n<p><img decoding=\"async\" class=\"size-medium wp-image-8948 aligncenter\" src=\"http:\/\/obispadodezaratecampana.org\/wp-content\/uploads\/2015\/05\/servidores-300x200.jpg\" alt=\"servidores\" width=\"300\" height=\"200\" srcset=\"http:\/\/obispadodezaratecampana.org\/wp-content\/uploads\/2015\/05\/servidores-300x200.jpg 300w, http:\/\/obispadodezaratecampana.org\/wp-content\/uploads\/2015\/05\/servidores.jpg 960w\" sizes=\"(max-width: 300px) 100vw, 300px\" \/><\/p>\n<p>Las palabras de bienvenida estuvieron a cargo del Obispo y el padre Atilio Rosatte (cura p\u00e1rroco), dando lugar luego a la exposici\u00f3n del Director Nacional de las OMP.<\/p>\n<p><img decoding=\"async\" class=\" wp-image-8915 aligncenter\" src=\"http:\/\/obispadodezaratecampana.org\/wp-content\/uploads\/2015\/05\/atilio-300x225.jpg\" alt=\"atilio\" width=\"398\" height=\"306\" \/><\/p>\n<p><img loading=\"lazy\" decoding=\"async\" class=\" wp-image-8916 aligncenter\" src=\"http:\/\/obispadodezaratecampana.org\/wp-content\/uploads\/2015\/05\/obispo-300x230.jpg\" alt=\"obispo\" width=\"397\" height=\"326\" \/><\/p>\n<p>CHARLA DEL PADRE DANTE DE SANZZI<\/p>\n<p>En el gimnasio del colegio, el Director Nacional de las Obras Misionales Pontificias &#8211; padre Dante De Sanzzi &#8211; dio una charla acerca de la importancia de la &#8220;misionariedad&#8221; &#8211; cuyo esp\u00edritu debe estar presente en todas las pastorales- , donde compartio ademas su enriquecedor testimonio acerca de diversas experiencias relacionadas con dicho tema.<\/p>\n<p><img loading=\"lazy\" decoding=\"async\" class=\" wp-image-8917 aligncenter\" src=\"http:\/\/obispadodezaratecampana.org\/wp-content\/uploads\/2015\/05\/dante-300x262.jpg\" alt=\"dante\" width=\"349\" height=\"299\" \/><\/p>\n<p><img loading=\"lazy\" decoding=\"async\" class=\"wp-image-8935 aligncenter\" src=\"http:\/\/obispadodezaratecampana.org\/wp-content\/uploads\/2015\/05\/charla-300x200.jpg\" alt=\"charla\" width=\"416\" height=\"292\" \/><\/p>\n<p>&nbsp;<\/p>\n<p>TRABAJO POR PASTORALES &#8211; durante la ma\u00f1ana-<\/p>\n<p>Una vez concluida la platica de Dante, el padre Adr\u00edan Lazzaro &#8211; originario Baradero , y actual administrador parroquial de la comunidad Ntra. Sra. de Nazareth de Z\u00e1rate- fue animando a los presentes a que se agrupen por \u00e1rea pastoral, de modo de comenzar los trabajos de la jornada.<\/p>\n<p><img loading=\"lazy\" decoding=\"async\" class=\" wp-image-8919 aligncenter\" src=\"http:\/\/obispadodezaratecampana.org\/wp-content\/uploads\/2015\/05\/adrian-300x200.jpg\" alt=\"adrian\" width=\"394\" height=\"306\" \/><\/p>\n<p>De esta manera las Pastorales : \u00a0Salud, Carcelaria, Laicos, Catequesis, J\u00f3venes (divididos en dos grupos: \u00a0los de edad universitaria y los de secundario), Comunicaciones, C\u00e1ritas, Cursillistas, se reunieron en diversos espacios del colegio para reflexionar especialmente acerca de la importancia que se le da &#8211; o deber\u00eda darse- al &#8220;env\u00edo misionero&#8221; del que todos debemos sentirnos responsables como bautizados-,y adem\u00e1s compartir experiencias, charlas, testimonios, din\u00e1micas y momentos de oraci\u00f3n.<\/p>\n<p><em>El Obispo anim\u00f3 especialmente a colaborar econ\u00f3micamente con C\u00e1ritas, y\u00a0prepararse\u00a0para la colecta Nacional Anual del 13 y 14 de Junio: TODO LO QUE SE COMPARTE, SE MULTIPLICA. En las fotos: servidoras con urnas de C\u00e1ritas:\u00a0<\/em><\/p>\n<p><img loading=\"lazy\" decoding=\"async\" class=\"size-medium wp-image-8941 aligncenter\" src=\"http:\/\/obispadodezaratecampana.org\/wp-content\/uploads\/2015\/05\/colecta-300x187.jpg\" alt=\"colecta\" width=\"300\" height=\"187\" srcset=\"http:\/\/obispadodezaratecampana.org\/wp-content\/uploads\/2015\/05\/colecta-300x187.jpg 300w, http:\/\/obispadodezaratecampana.org\/wp-content\/uploads\/2015\/05\/colecta.jpg 960w\" sizes=\"(max-width: 300px) 100vw, 300px\" \/><\/p>\n<p><img loading=\"lazy\" decoding=\"async\" class=\"size-medium wp-image-8942 aligncenter\" src=\"http:\/\/obispadodezaratecampana.org\/wp-content\/uploads\/2015\/05\/colectab-300x200.jpg\" alt=\"colectab\" width=\"300\" height=\"200\" srcset=\"http:\/\/obispadodezaratecampana.org\/wp-content\/uploads\/2015\/05\/colectab-300x200.jpg 300w, http:\/\/obispadodezaratecampana.org\/wp-content\/uploads\/2015\/05\/colectab.jpg 960w\" sizes=\"(max-width: 300px) 100vw, 300px\" \/><\/p>\n<p>ALMUERZO<\/p>\n<p>Entre las 12: 30 y 13: 30 hs , se hizo una pausa para el almuerzo.<\/p>\n<p>TRABAJO POR PASTORALES &#8211; durante la tarde &#8211;<\/p>\n<p>Luego del &#8220;break&#8221; para comer, continuaron los trabajos por pastorales, hasta el inicio de la procesi\u00f3n.<\/p>\n<p><em>Monse\u00f1or Oscar, el padre Pablo Iriarte &#8211; cura p\u00e1rroco en Capilla del Se\u00f1or, Parroquia Exaltaci\u00f3n de la Cruz &#8211; miembros de la Pastoral Carcelaria y quienes desearon sumarse, visitaron durante la Unidad Penitenciaria N\u00b0 11 de Baradero.<\/em><\/p>\n<p><img loading=\"lazy\" decoding=\"async\" class=\" wp-image-8932 aligncenter\" src=\"http:\/\/obispadodezaratecampana.org\/wp-content\/uploads\/2015\/05\/capilla-300x225.jpg\" alt=\"capilla\" width=\"380\" height=\"257\" \/><\/p>\n<p><img loading=\"lazy\" decoding=\"async\" class=\" wp-image-8933 aligncenter\" src=\"http:\/\/obispadodezaratecampana.org\/wp-content\/uploads\/2015\/05\/capillab-300x225.jpg\" alt=\"capillab\" width=\"368\" height=\"225\" \/><\/p>\n<p>PROCESI\u00d3N<\/p>\n<p>Antes de la misa, se llev\u00f3 a cabo la procesi\u00f3n, encabezada por las im\u00e1genes de Santiago Ap\u00f3stol y la Virgen de Luj\u00e1n, alrededor de las calles linderas al colegio.<\/p>\n<p>Enlace con breve video:<\/p>\n<p><a title=\"procesion\" href=\"https:\/\/www.facebook.com\/obispadozc\/videos\/vb.1578905429061966\/1592989607653548\/?type=1&amp;theater\" target=\"_blank\">https:\/\/www.facebook.com\/obispadozc\/videos\/vb.1578905429061966\/1592989607653548\/?type=1&amp;theater<\/a><\/p>\n<p>Cabe mencionar que en ella &#8211; asi tambi\u00e9n como de la posterior Eucarist\u00eda- estuvieron presentes los portadores de las banderas de diversos colegios de la di\u00f3cesis, y autoridades del Municipio de Baradero.<\/p>\n<p><img loading=\"lazy\" decoding=\"async\" class=\"size-medium wp-image-8938 aligncenter\" src=\"http:\/\/obispadodezaratecampana.org\/wp-content\/uploads\/2015\/05\/proce-300x199.jpg\" alt=\"proce\" width=\"300\" height=\"199\" srcset=\"http:\/\/obispadodezaratecampana.org\/wp-content\/uploads\/2015\/05\/proce-300x199.jpg 300w, http:\/\/obispadodezaratecampana.org\/wp-content\/uploads\/2015\/05\/proce-1024x682.jpg 1024w, http:\/\/obispadodezaratecampana.org\/wp-content\/uploads\/2015\/05\/proce.jpg 2048w\" sizes=\"(max-width: 300px) 100vw, 300px\" \/><\/p>\n<p><img loading=\"lazy\" decoding=\"async\" class=\"size-medium wp-image-8939 aligncenter\" src=\"http:\/\/obispadodezaratecampana.org\/wp-content\/uploads\/2015\/05\/procef-300x199.jpg\" alt=\"procef\" width=\"300\" height=\"199\" srcset=\"http:\/\/obispadodezaratecampana.org\/wp-content\/uploads\/2015\/05\/procef-300x199.jpg 300w, http:\/\/obispadodezaratecampana.org\/wp-content\/uploads\/2015\/05\/procef-1024x682.jpg 1024w, http:\/\/obispadodezaratecampana.org\/wp-content\/uploads\/2015\/05\/procef.jpg 2048w\" sizes=\"(max-width: 300px) 100vw, 300px\" \/><\/p>\n<p><img loading=\"lazy\" decoding=\"async\" class=\" wp-image-8931 aligncenter\" src=\"http:\/\/obispadodezaratecampana.org\/wp-content\/uploads\/2015\/05\/imagenes-300x200.jpg\" alt=\"imagenes\" width=\"415\" height=\"269\" \/><\/p>\n<p>SANTA MISA<\/p>\n<p>La misma fue presidida por Monse\u00f1or Sarlinga , y participaron de ella numerosos sacerdotes de la di\u00f3cesis &#8211; y el padre Dante- y di\u00e1conos &#8211; laicos- permanentes.<\/p>\n<p><img loading=\"lazy\" decoding=\"async\" class=\"size-medium wp-image-8951 aligncenter\" src=\"http:\/\/obispadodezaratecampana.org\/wp-content\/uploads\/2015\/05\/cons-300x168.jpg\" alt=\"cons\" width=\"300\" height=\"168\" srcset=\"http:\/\/obispadodezaratecampana.org\/wp-content\/uploads\/2015\/05\/cons-300x168.jpg 300w, http:\/\/obispadodezaratecampana.org\/wp-content\/uploads\/2015\/05\/cons-1024x575.jpg 1024w, http:\/\/obispadodezaratecampana.org\/wp-content\/uploads\/2015\/05\/cons.jpg 1348w\" sizes=\"(max-width: 300px) 100vw, 300px\" \/><\/p>\n<p>Muchos no pudiendo asistir desde la ma\u00f1ana, llegaron especialmente para participar de la procesi\u00f3n y misa, siendo esto raz\u00f3n para que el gimnasio del colegio San Jose &#8211; donde se celebr\u00f3 la misma- literalmente estuviera desbordado por la multitud de fieles.<\/p>\n<p><img loading=\"lazy\" decoding=\"async\" class=\" wp-image-8940 aligncenter\" src=\"http:\/\/obispadodezaratecampana.org\/wp-content\/uploads\/2015\/05\/misa-300x127.jpg\" alt=\"misa\" width=\"476\" height=\"257\" \/><\/p>\n<p>HOMIL\u00cdA DEL OBISPO<\/p>\n<p>En este enlace de soundcloud puede escuchar la homil\u00eda completa de Monse\u00f1or Oscar, durante la misa:<\/p>\n<p><a title=\"oscar\" href=\"https:\/\/soundcloud.com\/obispado-z-rate-campana\/sarlinga\" target=\"_blank\">https:\/\/soundcloud.com\/obispado-z-rate-campana\/sarlinga<\/a><\/p>\n<p>MAS FOTOS<\/p>\n<p>Les compartimos aqui fotos de \u00a0algunos de los seminaristas y sacerdotes \u00a0que participaron del encuentro, y el enlace de la Fan page del Obispado de Z\u00e1rate &#8211; Campana &#8211; , para que busquen en la secci\u00f3n Fotos &#8211; \u00c1lbumes, m\u00e1s im\u00e1genes del encuentro:<\/p>\n<p><a title=\"album\" href=\"https:\/\/www.facebook.com\/obispadozc\/photos_stream?tab=photos_albums\" target=\"_blank\">https:\/\/www.facebook.com\/obispadozc\/photos_stream?tab=photos_albums<\/a><\/p>\n<p>&nbsp;<\/p>\n<p><img loading=\"lazy\" decoding=\"async\" class=\" wp-image-8921 aligncenter\" src=\"http:\/\/obispadodezaratecampana.org\/wp-content\/uploads\/2015\/05\/semis-300x183.jpg\" alt=\"semis\" width=\"379\" height=\"279\" \/><\/p>\n<p><img loading=\"lazy\" decoding=\"async\" class=\" wp-image-8922 aligncenter\" src=\"http:\/\/obispadodezaratecampana.org\/wp-content\/uploads\/2015\/05\/semisb-300x194.jpg\" alt=\"semisb\" width=\"384\" height=\"282\" \/><\/p>\n<p><img loading=\"lazy\" decoding=\"async\" class=\" wp-image-8923 aligncenter\" src=\"http:\/\/obispadodezaratecampana.org\/wp-content\/uploads\/2015\/05\/semisd-300x225.jpg\" alt=\"semisd\" width=\"357\" height=\"307\" \/><\/p>\n<p><img loading=\"lazy\" decoding=\"async\" class=\" wp-image-8924 aligncenter\" src=\"http:\/\/obispadodezaratecampana.org\/wp-content\/uploads\/2015\/05\/semisf-225x300.jpg\" alt=\"semisf\" width=\"262\" height=\"361\" \/><\/p>\n<p><img loading=\"lazy\" decoding=\"async\" class=\"size-medium wp-image-8937 aligncenter\" src=\"http:\/\/obispadodezaratecampana.org\/wp-content\/uploads\/2015\/05\/semisc-300x200.jpg\" alt=\"semisc\" width=\"300\" height=\"200\" srcset=\"http:\/\/obispadodezaratecampana.org\/wp-content\/uploads\/2015\/05\/semisc-300x200.jpg 300w, http:\/\/obispadodezaratecampana.org\/wp-content\/uploads\/2015\/05\/semisc.jpg 960w\" sizes=\"(max-width: 300px) 100vw, 300px\" \/><\/p>\n<p>&nbsp;<\/p>\n<!-- AddThis Advanced Settings generic via filter on the_content --><!-- AddThis Share Buttons generic via filter on the_content -->","protected":false},"excerpt":{"rendered":"<p>El s\u00e1bado 9 de mayo , se llev\u00f3 a cabo \u00a0la Fiesta Patronal Diocesana en honor a la Virgen de Luj\u00e1n, en el partido de [&hellip;]<!-- AddThis Advanced Settings generic via filter on get_the_excerpt --><!-- AddThis Share Buttons generic via filter on get_the_excerpt --><\/p>\n","protected":false},"author":2,"featured_media":8906,"comment_status":"open","ping_status":"open","sticky":false,"template":"","format":"standard","meta":{"footnotes":""},"categories":[1],"tags":[],"class_list":["post-8889","post","type-post","status-publish","format-standard","has-post-thumbnail","hentry","category-noticiasdiocesanas"],"_links":{"self":[{"href":"http:\/\/obispadodezaratecampana.org\/index.php?rest_route=\/wp\/v2\/posts\/8889","targetHints":{"allow":["GET"]}}],"collection":[{"href":"http:\/\/obispadodezaratecampana.org\/index.php?rest_route=\/wp\/v2\/posts"}],"about":[{"href":"http:\/\/obispadodezaratecampana.org\/index.php?rest_route=\/wp\/v2\/types\/post"}],"author":[{"embeddable":true,"href":"http:\/\/obispadodezaratecampana.org\/index.php?rest_route=\/wp\/v2\/users\/2"}],"replies":[{"embeddable":true,"href":"http:\/\/obispadodezaratecampana.org\/index.php?rest_route=%2Fwp%2Fv2%2Fcomments&post=8889"}],"version-history":[{"count":32,"href":"http:\/\/obispadodezaratecampana.org\/index.php?rest_route=\/wp\/v2\/posts\/8889\/revisions"}],"predecessor-version":[{"id":8953,"href":"http:\/\/obispadodezaratecampana.org\/index.php?rest_route=\/wp\/v2\/posts\/8889\/revisions\/8953"}],"wp:featuredmedia":[{"embeddable":true,"href":"http:\/\/obispadodezaratecampana.org\/index.php?rest_route=\/wp\/v2\/media\/8906"}],"wp:attachment":[{"href":"http:\/\/obispadodezaratecampana.org\/index.php?rest_route=%2Fwp%2Fv2%2Fmedia&parent=8889"}],"wp:term":[{"taxonomy":"category","embeddable":true,"href":"http:\/\/obispadodezaratecampana.org\/index.php?rest_route=%2Fwp%2Fv2%2Fcategories&post=8889"},{"taxonomy":"post_tag","embeddable":true,"href":"http:\/\/obispadodezaratecampana.org\/index.php?rest_route=%2Fwp%2Fv2%2Ftags&post=8889"}],"curies":[{"name":"wp","href":"https:\/\/api.w.org\/{rel}","templated":true}]}}