{"id":8875,"date":"2015-05-12T18:30:35","date_gmt":"2015-05-12T21:30:35","guid":{"rendered":"http:\/\/obispadodezaratecampana.org\/?p=8875"},"modified":"2015-05-12T18:41:03","modified_gmt":"2015-05-12T21:41:03","slug":"sugerencias-para-celebrar-la-jornada-mundial-de-las-comunicaciones-sociales","status":"publish","type":"post","link":"http:\/\/obispadodezaratecampana.org\/?p=8875","title":{"rendered":"Sugerencias para celebrar la Jornada Mundial de las Comunicaciones Sociales"},"content":{"rendered":"<pre style=\"color: #454545;\">Fuente: <a href=\"http:\/\/signisalc.org\/noticia\/sugerencias-celebrar-jornada-mundial-comunicaciones-sociales\" target=\"_blank\">Signis ALC<\/a><\/pre>\n<p style=\"color: #454545;\">Las comunicadoras y comunicadores cat\u00f3licos del mundo se preparan para celebrar la 49\u00b0 Jornada Mundial de las Comunicaciones Sociales, que tendr\u00e1 lugar el pr\u00f3ximo 17 de mayo, en la solemnidad de la Ascensi\u00f3n del Se\u00f1or.\u00a0<strong style=\"color: #cc6600;\"><a style=\"color: #cc6600;\" href=\"http:\/\/w2.vatican.va\/content\/francescomobile\/es\/messages\/communications\/documents\/papa-francesco_20150123_messaggio-comunicazioni-sociali.html\" target=\"_blank\">&#8220;Comunicar la familia: ambiente privilegiado del encuentro en la gratuidad del amor&#8221;<\/a>\u00a0<\/strong>es el tema\u00a0propuesto por el papa Francisco para esta Jornada que se celebra desde 1967 y que fue institu\u00edda por expresa voluntad del Concilio Vaticano II.<\/p>\n<p style=\"color: #454545;\">El objetivo de La Jornda de las comunicaciones es el de promover &#8220;la formaci\u00f3n de conciencias frente a las responsabilidades que incumben a cada individuo, grupo o sociedad, como usuarios de estos medios&#8221;.<\/p>\n<p style=\"color: #454545;\">\u00a0En su mensaje, el Santo Padre destaca que\u00a0<em>&#8220;la familia es el primer lugar donde aprendemos a comunicar&#8221; y que &#8220;Volver a este momento originario nos puede ayudar, tanto a comunicar de modo m\u00e1s aut\u00e9ntico y humano&#8221;.<\/em><\/p>\n<p style=\"color: #454545;\"><em>&#8220;El seno materno que nos acoge es la primera \u00abescuela\u00bb de comunicaci\u00f3n, hecha de escucha y de contacto corp\u00f3reo, donde comenzamos a familiarizarnos con el mundo externo en un ambiente protegido y con el sonido tranquilizador del palpitar del coraz\u00f3n de la mam\u00e1&#8221;.<\/em><\/p>\n<p style=\"color: #454545;\">Agrega que\u00a0<em>&#8220;la mayor parte de nosotros ha aprendido en la familia la dimensi\u00f3n religiosa de la comunicaci\u00f3n, que en el cristianismo est\u00e1 impregnada de amor, el amor de Dios que se nos da y que nosotros ofrecemos a los dem\u00e1s&#8221;.<\/em><\/p>\n<p style=\"color: #454545;\"><em>&#8220;Adem\u00e1s, en un mundo donde tan a menudo se maldice, se habla mal, se siembra ciza\u00f1a, se contamina nuestro ambiente humano con las habladur\u00edas, la familia puede ser una escuela de comunicaci\u00f3n como bendici\u00f3n&#8221;,\u00a0<\/em>dice el papa Francisco en una parte de su mensaje.<\/p>\n<p style=\"color: #454545;\">Seg\u00fan explica, la familia &#8220;no es un campo en el que se comunican opiniones, o un terreno en el que se combaten batallas ideol\u00f3gicas, sino un ambiente en el que se aprende a comunicar en la proximidad y un sujeto que comunica, una \u00abcomunidad comunicante\u00bb.<\/p>\n<p style=\"color: #454545;\"><strong>Sugerencias para celebrar la Jornada Mundial de las Comunicaciones<\/strong><\/p>\n<p style=\"color: #454545;\">1. Conocer el mensaje del papa Francisco para la Jornada Mundial de las Comunicaciones (<a style=\"color: #cc6600;\" href=\"http:\/\/signisalc.org\/jornada-mundial-comunicaciones-sociales\/jornada-2015)\" target=\"_blank\">puede descargarse desde el portal de Signis ALC<\/a>)<\/p>\n<p style=\"color: #454545;\">2. Motivar a los equipos de liturgia y a la pastoral familiar para preparar esta celebraci\u00f3n enfocando a la familia &#8211; en el d\u00eda de la Ascensi\u00f3n del Se\u00f1or &#8211; incluyendo la Jornada Mundial de las Comunicaciones. Escoger una familia para que lleve las ofrendas en el Ofertorio y a los hijos para que lleven los instrumentos de comunicaci\u00f3n (puede ser un tel\u00e9fono celular, una c\u00e1mara fotogr\u00e1fica o de video, un micr\u00f3fono y una edici\u00f3n de un peri\u00f3dico local).<\/p>\n<p style=\"color: #454545;\">3. El tema de esta Jornada Mundial de las Comunicaciones ve a la familia como un ambiente privilegiado de encuentro del amor. En familia, observar y conversar sobre el ambiente familiar y ver si favorece el encuentro de las personas, el acogimiento, en qu\u00e9 es posible mejorar. C\u00f3mo es la relaci\u00f3n del matrimonio (de la pareja) y entre padres e hijos. C\u00f3mo aprendemos y ense\u00f1amos<br \/>\nla comunicaci\u00f3n en la familia.<\/p>\n<p style=\"color: #454545;\">4. Mirar al \u00edcono del encuentro de Mar\u00eda con Isabel, cuando el ni\u00f1o exult\u00f3 en el vientre de la<br \/>\nmadre. &#8220;Este episodio nos muestra, antes que nada, la comunicaci\u00f3n como un di\u00e1logo que teje con el lenguaje del cuerpo&#8221;. Reflexionar en este aspecto de la comunicaci\u00f3n humana, recordando que el vientre materno es la primera escuela.<\/p>\n<p style=\"color: #454545;\">5. &#8220;Visitar&#8221; supone abrir las puertas, no encerrarse en el propio apartamento, salir, ir hacia el otro.<br \/>\nProponerse a visitar parientes, amigos o alguna familia que necesite de nuestra ayuda, en el esp\u00edritu de Mar\u00eda e Isabel.<\/p>\n<p style=\"color: #454545;\">6. Cultivar la actitud de acogida a las personas que llegan a nuestra casa, a las que participan de la comunidad, en el ambiente escolar y de trabajo.<br \/>\n7. La Pastoral de la Comunicaci\u00f3n y la Pastoral Familiar podr\u00e1n promover alg\u00fan debate, seminario para celebrar la Jornada Mundial de las Comunicaciones, con el tema &#8220;Comunicar la familia: ambiente privilegiado del encuentro en la gratuidad del amor&#8221; o conferencia sobre el tema, involucrando a todas las pastorales. En caso que no sea posible un evento, el tema puede ser reflexionado en grupos de familias o con vecinos, conforme sea la costumbre.<\/p>\n<p style=\"color: #454545;\">8. Hablar del tema de la Jornada Mundial de las Comunicaciones en programas de Radio, Televisi\u00f3n, Internet, peri\u00f3dicos parroquiales o diocesanos, columnas en otros peri\u00f3dicos.<\/p>\n<p style=\"color: #454545;\">9. Donde es posible, promover una reuni\u00f3n con comunicadores (as) de la ciudad. Puede programarse una entrevista colectiva y tambi\u00e9n confraternizaci\u00f3n. O a\u00fan, enviar un mensaje a los comunicadores(as) felicit\u00e1ndolos por este d\u00eda.<br \/>\n10. Movilizar al mundo de la educaci\u00f3n: profesores(as) con el tema, promoviendo alg\u00fan concurso de redacci\u00f3n o trabajos por internet, (redes sociales) con ni\u00f1os, ni\u00f1as y j\u00f3venes sobre la<br \/>\ntem\u00e1tica de la familia.<br \/>\n11. Invitar e incentivar a los j\u00f3venes y ni\u00f1os para que desenvuelvan su creatividad y movilicen las redes sociales sobre el mensaje del papa. Invitar a los j\u00f3venes a una&#8221;gincana&#8221; por el facebook sobre<br \/>\nel tema y publicar las frases principales, creando interactividad entre padres, hijos, sobre el valor de la familia y el mundo de la comunicaci\u00f3n.<\/p>\n<p style=\"color: #454545;\">Redacci\u00f3n de Signis ALC, con informaci\u00f3n de la Revista Familia Cristiana (Fam\u00edlia Crist\u00e3-Brasil)<\/p>\n<!-- AddThis Advanced Settings generic via filter on the_content --><!-- AddThis Share Buttons generic via filter on the_content -->","protected":false},"excerpt":{"rendered":"<p>Fuente: Signis ALC Las comunicadoras y comunicadores cat\u00f3licos del mundo se preparan para celebrar la 49\u00b0 Jornada Mundial de las Comunicaciones Sociales, que tendr\u00e1 lugar [&hellip;]<!-- AddThis Advanced Settings generic via filter on get_the_excerpt --><!-- AddThis Share Buttons generic via filter on get_the_excerpt --><\/p>\n","protected":false},"author":1,"featured_media":8486,"comment_status":"open","ping_status":"open","sticky":false,"template":"","format":"standard","meta":{"footnotes":""},"categories":[1],"tags":[],"class_list":["post-8875","post","type-post","status-publish","format-standard","has-post-thumbnail","hentry","category-noticiasdiocesanas"],"_links":{"self":[{"href":"http:\/\/obispadodezaratecampana.org\/index.php?rest_route=\/wp\/v2\/posts\/8875","targetHints":{"allow":["GET"]}}],"collection":[{"href":"http:\/\/obispadodezaratecampana.org\/index.php?rest_route=\/wp\/v2\/posts"}],"about":[{"href":"http:\/\/obispadodezaratecampana.org\/index.php?rest_route=\/wp\/v2\/types\/post"}],"author":[{"embeddable":true,"href":"http:\/\/obispadodezaratecampana.org\/index.php?rest_route=\/wp\/v2\/users\/1"}],"replies":[{"embeddable":true,"href":"http:\/\/obispadodezaratecampana.org\/index.php?rest_route=%2Fwp%2Fv2%2Fcomments&post=8875"}],"version-history":[{"count":2,"href":"http:\/\/obispadodezaratecampana.org\/index.php?rest_route=\/wp\/v2\/posts\/8875\/revisions"}],"predecessor-version":[{"id":8877,"href":"http:\/\/obispadodezaratecampana.org\/index.php?rest_route=\/wp\/v2\/posts\/8875\/revisions\/8877"}],"wp:featuredmedia":[{"embeddable":true,"href":"http:\/\/obispadodezaratecampana.org\/index.php?rest_route=\/wp\/v2\/media\/8486"}],"wp:attachment":[{"href":"http:\/\/obispadodezaratecampana.org\/index.php?rest_route=%2Fwp%2Fv2%2Fmedia&parent=8875"}],"wp:term":[{"taxonomy":"category","embeddable":true,"href":"http:\/\/obispadodezaratecampana.org\/index.php?rest_route=%2Fwp%2Fv2%2Fcategories&post=8875"},{"taxonomy":"post_tag","embeddable":true,"href":"http:\/\/obispadodezaratecampana.org\/index.php?rest_route=%2Fwp%2Fv2%2Ftags&post=8875"}],"curies":[{"name":"wp","href":"https:\/\/api.w.org\/{rel}","templated":true}]}}