{"id":8871,"date":"2015-05-14T06:44:16","date_gmt":"2015-05-14T09:44:16","guid":{"rendered":"http:\/\/obispadodezaratecampana.org\/?p=8871"},"modified":"2015-05-14T00:37:11","modified_gmt":"2015-05-14T03:37:11","slug":"participa-y-gana-un-libro","status":"publish","type":"post","link":"http:\/\/obispadodezaratecampana.org\/?p=8871","title":{"rendered":"\u00a1Particip\u00e1 y gana un libro!"},"content":{"rendered":"<p>Junto con la solemnidad de la ascensi\u00f3n del Se\u00f1or a los cielos, celebramos la jornada mundial de las comunicaciones sociales (trasladada al domingo). Para difundir la importancia de la pastoral de comunicaci\u00f3n, como pastoral evangelizadora, realizamos este concurso. Public\u00e1 en facebook una pel\u00edcula cat\u00f3lica que se pueda ver legalmente en internet (\u00a1hay muchas!) con el hashtag #jornadacomunicaciones y la publicaci\u00f3n con mas &#8220;Me gusta&#8221; se lleva el libro &#8220;S\u00edntesis de Espiritualidad Cat\u00f3lica&#8221;. Se podr\u00e1 participar hasta el domingo 17 de mayo y s\u00f3lo quienes puedan retirar el libro dentro de la di\u00f3cesis de Z\u00e1rate &#8211; Campana.<\/p>\n<p>El libro &#8220;S\u00edntesis de Espiritualidad Cat\u00f3lica&#8221; sirve a algunos<span style=\"color: #000000;\">\u00a0<span style=\"color: #333333;\">como libro de meditaci\u00f3n y de lectura espiritual; otros sacan de \u00e9l esquemas para la predicaci\u00f3n o la catequesis. Adem\u00e1s, se usa en\u00a0seminarios, noviciados, facultades de teolog\u00eda y grupos laicales como manual de texto. Es una obra del Padre Jos\u00e9 Mar\u00eda Iraburu y de la fundaci\u00f3n <a href=\"http:\/\/www.gratisdate.org\/\" target=\"_blank\">Gratis Date<\/a>. Esta editorial espa\u00f1ola env\u00eda libros de forma gratuita a Am\u00e9rica Latina, a ellos\u00a0agradecemos el poner a nuestra disposici\u00f3n este libro para poder entregarlo al ganador del concurso.<\/span><\/span><\/p>\n<!-- AddThis Advanced Settings generic via filter on the_content --><!-- AddThis Share Buttons generic via filter on the_content -->","protected":false},"excerpt":{"rendered":"<p>Junto con la solemnidad de la ascensi\u00f3n del Se\u00f1or a los cielos, celebramos la jornada mundial de las comunicaciones sociales (trasladada al domingo). Para difundir [&hellip;]<!-- AddThis Advanced Settings generic via filter on get_the_excerpt --><!-- AddThis Share Buttons generic via filter on get_the_excerpt --><\/p>\n","protected":false},"author":1,"featured_media":8872,"comment_status":"open","ping_status":"open","sticky":false,"template":"","format":"standard","meta":{"footnotes":""},"categories":[5],"tags":[],"class_list":["post-8871","post","type-post","status-publish","format-standard","has-post-thumbnail","hentry","category-generales"],"_links":{"self":[{"href":"http:\/\/obispadodezaratecampana.org\/index.php?rest_route=\/wp\/v2\/posts\/8871","targetHints":{"allow":["GET"]}}],"collection":[{"href":"http:\/\/obispadodezaratecampana.org\/index.php?rest_route=\/wp\/v2\/posts"}],"about":[{"href":"http:\/\/obispadodezaratecampana.org\/index.php?rest_route=\/wp\/v2\/types\/post"}],"author":[{"embeddable":true,"href":"http:\/\/obispadodezaratecampana.org\/index.php?rest_route=\/wp\/v2\/users\/1"}],"replies":[{"embeddable":true,"href":"http:\/\/obispadodezaratecampana.org\/index.php?rest_route=%2Fwp%2Fv2%2Fcomments&post=8871"}],"version-history":[{"count":4,"href":"http:\/\/obispadodezaratecampana.org\/index.php?rest_route=\/wp\/v2\/posts\/8871\/revisions"}],"predecessor-version":[{"id":8967,"href":"http:\/\/obispadodezaratecampana.org\/index.php?rest_route=\/wp\/v2\/posts\/8871\/revisions\/8967"}],"wp:featuredmedia":[{"embeddable":true,"href":"http:\/\/obispadodezaratecampana.org\/index.php?rest_route=\/wp\/v2\/media\/8872"}],"wp:attachment":[{"href":"http:\/\/obispadodezaratecampana.org\/index.php?rest_route=%2Fwp%2Fv2%2Fmedia&parent=8871"}],"wp:term":[{"taxonomy":"category","embeddable":true,"href":"http:\/\/obispadodezaratecampana.org\/index.php?rest_route=%2Fwp%2Fv2%2Fcategories&post=8871"},{"taxonomy":"post_tag","embeddable":true,"href":"http:\/\/obispadodezaratecampana.org\/index.php?rest_route=%2Fwp%2Fv2%2Ftags&post=8871"}],"curies":[{"name":"wp","href":"https:\/\/api.w.org\/{rel}","templated":true}]}}