{"id":8867,"date":"2015-05-11T21:25:05","date_gmt":"2015-05-12T00:25:05","guid":{"rendered":"http:\/\/obispadodezaratecampana.org\/?p=8867"},"modified":"2015-05-11T21:25:05","modified_gmt":"2015-05-12T00:25:05","slug":"francisco-misa-del-lunes-11-de-mayo","status":"publish","type":"post","link":"http:\/\/obispadodezaratecampana.org\/?p=8867","title":{"rendered":"Francisco: Misa del lunes 11 de mayo"},"content":{"rendered":"<p style=\"color: #343434;\"><span style=\"font-weight: inherit; font-style: inherit;\">A\u00fan hoy se asesinan a los cristianos\u00a0<\/span><strong style=\"font-weight: inherit; font-style: inherit;\">en nombre de Dios<\/strong><span style=\"font-weight: inherit; font-style: inherit;\">, pero el\u00a0<\/span><strong style=\"font-weight: inherit; font-style: inherit;\">Esp\u00edritu Santo<\/strong><span style=\"font-weight: inherit; font-style: inherit;\">\u00a0da la fuerza para testimoniar hasta el\u00a0<\/span><strong style=\"font-weight: inherit; font-style: inherit;\">martirio<\/strong><span style=\"font-weight: inherit; font-style: inherit;\">. Lo dijo el\u00a0<\/span><strong style=\"font-weight: inherit; font-style: inherit;\">Papa Francisco<\/strong><span style=\"font-weight: inherit; font-style: inherit;\">\u00a0durante su homil\u00eda de la<\/span><strong style=\"font-weight: inherit; font-style: inherit;\">Misa<\/strong><span style=\"font-weight: inherit; font-style: inherit;\">\u00a0matutina celebrada en la capilla de la Casa de\u00a0<\/span><strong style=\"font-weight: inherit; font-style: inherit;\">Santa Marta<\/strong><span style=\"font-weight: inherit; font-style: inherit;\">. \u00a0<\/span><\/p>\n<p style=\"color: #343434;\"><strong style=\"font-weight: inherit; font-style: inherit;\">Tambi\u00e9n hoy hay quien mata a los cristianos creyendo dar culto a Dios<\/strong><\/p>\n<p style=\"color: #343434;\"><span style=\"font-weight: inherit; font-style: inherit;\">En el\u00a0<\/span><strong style=\"font-weight: inherit; font-style: inherit;\">Evangelio<\/strong><span style=\"font-weight: inherit; font-style: inherit;\">\u00a0del d\u00eda,\u00a0<\/span><strong style=\"font-weight: inherit; font-style: inherit;\">Jes\u00fas<\/strong><span style=\"font-weight: inherit; font-style: inherit;\">\u00a0anuncia a los disc\u00edpulos la venida del Esp\u00edritu Santo: \u201cYo tengo tantas cosas que decirles, pero en este momento ustedes no son capaces de llevar el peso; pero cuando vendr\u00e1 el\u00a0<\/span><strong style=\"font-weight: inherit; font-style: inherit;\">Par\u00e1clito<\/strong><span style=\"font-weight: inherit; font-style: inherit;\">, el Esp\u00edritu de la verdad, \u00c9l los guiar\u00e1 hacia toda la verdad\u201d. El<\/span><strong style=\"font-weight: inherit; font-style: inherit;\">Se\u00f1or<\/strong><span style=\"font-weight: inherit; font-style: inherit;\">\u00a0\u201chabla del futuro, de la cruz que nos espera, y nos habla del Esp\u00edritu, que nos prepara a dar el testimonio cristiano\u201d.<\/span><\/p>\n<p style=\"color: #343434;\"><span style=\"font-weight: inherit; font-style: inherit;\">Habla \u201cdel\u00a0<\/span><strong style=\"font-weight: inherit; font-style: inherit;\">esc\u00e1ndalo de las persecuciones<\/strong><span style=\"font-weight: inherit; font-style: inherit;\">\u201d, del \u201c<\/span><strong style=\"font-weight: inherit; font-style: inherit;\">esc\u00e1ndalo de la Cruz<\/strong><span style=\"font-weight: inherit; font-style: inherit;\">\u201d. \u201cLa vida de la Iglesia \u2013 observ\u00f3 el Papa \u2013 \u00a0es un camino guiado por el Esp\u00edritu\u201d que nos recuerda las palabras de Jes\u00fas y \u201cnos ense\u00f1a las cosas que a\u00fan Jes\u00fas no ha podido decirnos\u201d: \u201cEs compa\u00f1ero del camino\u201d y \u201ctambi\u00e9n nos defiende\u201d del \u201cesc\u00e1ndalo de la Cruz\u201d.<\/span><\/p>\n<p style=\"color: #343434;\"><span style=\"font-weight: inherit; font-style: inherit;\">En efecto, la Cruz es un esc\u00e1ndalo para los jud\u00edos que \u201cpiden signos\u201d y necedad para \u201clos griegos, es decir, los paganos\u201d que \u201cpiden sabidur\u00eda, ideas nuevas\u201d. Los cristianos, en cambio, predican a Cristo crucificado. De este modo, Jes\u00fas prepara a los disc\u00edpulos para que no se escandalicen de la Cruz de Cristo: \u201cLos expulsar\u00e1n de las sinagogas \u2013 dice Jes\u00fas \u2013 \u00a0es m\u00e1s viene la hora en que cualquiera los matar\u00e1, creyendo que rinde culto a Dios\u201d:<\/span><\/p>\n<p style=\"color: #343434;\"><span style=\"font-weight: inherit; font-style: inherit;\">\u201cHoy somos testigos de estos que matan a los cristianos en nombre de Dios, porque son incr\u00e9dulos, seg\u00fan ellos. \u00c9sta es la Cruz de Cristo: \u2018Har\u00e1n eso porque no han conocido ni al Padre ni a m\u00ed\u2019. \u2018Esto que me ha sucedido a m\u00ed \u2013 dice Jes\u00fas \u2013 tambi\u00e9n les suceder\u00e1 a ustedes \u2013 las persecuciones, las tribulaciones \u2013 pero, por favor, no se escandalicen; ser\u00e1 el Esp\u00edritu el que los guiar\u00e1 les har\u00e1 entender\u2019\u201d.<\/span><\/p>\n<p style=\"color: #343434;\"><strong style=\"font-weight: inherit; font-style: inherit;\">La fuerza del Esp\u00edritu de los fieles coptos degollados en la playa<\/strong><\/p>\n<p style=\"color: #343434;\"><span style=\"font-weight: inherit; font-style: inherit;\">En este contexto, el Papa Francisco record\u00f3 la conversaci\u00f3n telef\u00f3nica mantenida el d\u00eda anterior con el Patriarca copto\u00a0<\/span><strong style=\"font-weight: inherit; font-style: inherit;\">Tawadros<\/strong><span style=\"font-weight: inherit; font-style: inherit;\">, \u201cporque era el d\u00eda de la\u00a0<\/span><strong style=\"font-weight: inherit; font-style: inherit;\">amistad copto-cat\u00f3lica<\/strong><span style=\"font-weight: inherit; font-style: inherit;\">\u201d:<\/span><\/p>\n<p style=\"color: #343434;\"><span style=\"font-weight: inherit; font-style: inherit;\">\u201cPero yo recordaba a sus fieles, que han sido degollados en la playa por ser cristianos. Estos fieles, por la fuerza que les ha dado el Esp\u00edritu Santo, no se escandalizaron. Mor\u00edan con el nombre de Jes\u00fas en sus labios. Es la fuerza del Esp\u00edritu. El testimonio. Es verdad, esto es precisamente el martirio, el testimonio supremo\u201d.<\/span><\/p>\n<p style=\"color: #343434;\"><strong style=\"font-weight: inherit; font-style: inherit;\">El testimonio de cada d\u00eda<\/strong><\/p>\n<p style=\"color: #343434;\"><span style=\"font-weight: inherit; font-style: inherit;\">\u201cPero tambi\u00e9n est\u00e1 el testimonio de cada d\u00eda\u00a0 \u2013 \u00a0prosigui\u00f3 diciendo el Papa \u2013 \u00a0el testimonio de hacer presente la fecundidad de la Pascua\u201d que \u201cnos da el Esp\u00edritu Santo, que nos gu\u00eda hacia la verdad plena, la entera verdad, y nos hace recordar lo que Jes\u00fas nos dice\u201d:<\/span><\/p>\n<p style=\"color: #343434;\"><span style=\"font-weight: inherit; font-style: inherit;\">\u201cUn cristiano que no toma seriamente esta dimensi\u00f3n \u2018martirial\u2019 de la vida no ha entendido a\u00fan el camino que Jes\u00fas nos ha ense\u00f1ado: camino \u2018martirial\u2019 de cada d\u00eda; camino \u2018martirial\u2019 en el defender los derechos de las personas; camino \u2018martirial\u2019 en el defender a los hijos: pap\u00e1s, mam\u00e1s, que defienden su familia; camino \u2018martirial\u2019 de tantos, tantos enfermos que sufren por amor de Jes\u00fas. Todos nosotros tenemos la posibilidad de llevar adelante esta fecundidad pascual por este camino \u2018martirial\u2019, sin escandalizarnos\u201d.<\/span><\/p>\n<p style=\"color: #343434;\"><span style=\"font-weight: inherit; font-style: inherit;\">\u201cPidamos al Se\u00f1or \u2013 dijo el Papa \u00a0al concluir \u2013 \u00a0la\u00a0<\/span><strong style=\"font-weight: inherit; font-style: inherit;\">gracia<\/strong><span style=\"font-weight: inherit; font-style: inherit;\">\u00a0de recibir al Esp\u00edritu Santo que nos har\u00e1 recordar las cosas de Jes\u00fas, que nos guiar\u00e1 a la verdad total y nos preparar\u00e1 cada d\u00eda para dar este testimonio, para dar este peque\u00f1o martirio de cada d\u00eda o un gran martirio, seg\u00fan la voluntad del Se\u00f1or\u201d.<\/span><\/p>\n<p style=\"color: #343434;\">Fuente : www.news.va<\/p>\n<p style=\"color: #343434;\">\n<!-- AddThis Advanced Settings generic via filter on the_content --><!-- AddThis Share Buttons generic via filter on the_content -->","protected":false},"excerpt":{"rendered":"<p>A\u00fan hoy se asesinan a los cristianos\u00a0en nombre de Dios, pero el\u00a0Esp\u00edritu Santo\u00a0da la fuerza para testimoniar hasta el\u00a0martirio. Lo dijo el\u00a0Papa Francisco\u00a0durante su homil\u00eda [&hellip;]<!-- AddThis Advanced Settings generic via filter on get_the_excerpt --><!-- AddThis Share Buttons generic via filter on get_the_excerpt --><\/p>\n","protected":false},"author":2,"featured_media":8868,"comment_status":"open","ping_status":"open","sticky":false,"template":"","format":"standard","meta":{"footnotes":""},"categories":[161],"tags":[],"class_list":["post-8867","post","type-post","status-publish","format-standard","has-post-thumbnail","hentry","category-el-papa-leonxiv"],"_links":{"self":[{"href":"http:\/\/obispadodezaratecampana.org\/index.php?rest_route=\/wp\/v2\/posts\/8867","targetHints":{"allow":["GET"]}}],"collection":[{"href":"http:\/\/obispadodezaratecampana.org\/index.php?rest_route=\/wp\/v2\/posts"}],"about":[{"href":"http:\/\/obispadodezaratecampana.org\/index.php?rest_route=\/wp\/v2\/types\/post"}],"author":[{"embeddable":true,"href":"http:\/\/obispadodezaratecampana.org\/index.php?rest_route=\/wp\/v2\/users\/2"}],"replies":[{"embeddable":true,"href":"http:\/\/obispadodezaratecampana.org\/index.php?rest_route=%2Fwp%2Fv2%2Fcomments&post=8867"}],"version-history":[{"count":1,"href":"http:\/\/obispadodezaratecampana.org\/index.php?rest_route=\/wp\/v2\/posts\/8867\/revisions"}],"predecessor-version":[{"id":8869,"href":"http:\/\/obispadodezaratecampana.org\/index.php?rest_route=\/wp\/v2\/posts\/8867\/revisions\/8869"}],"wp:featuredmedia":[{"embeddable":true,"href":"http:\/\/obispadodezaratecampana.org\/index.php?rest_route=\/wp\/v2\/media\/8868"}],"wp:attachment":[{"href":"http:\/\/obispadodezaratecampana.org\/index.php?rest_route=%2Fwp%2Fv2%2Fmedia&parent=8867"}],"wp:term":[{"taxonomy":"category","embeddable":true,"href":"http:\/\/obispadodezaratecampana.org\/index.php?rest_route=%2Fwp%2Fv2%2Fcategories&post=8867"},{"taxonomy":"post_tag","embeddable":true,"href":"http:\/\/obispadodezaratecampana.org\/index.php?rest_route=%2Fwp%2Fv2%2Ftags&post=8867"}],"curies":[{"name":"wp","href":"https:\/\/api.w.org\/{rel}","templated":true}]}}