{"id":8864,"date":"2015-05-11T21:13:14","date_gmt":"2015-05-12T00:13:14","guid":{"rendered":"http:\/\/obispadodezaratecampana.org\/?p=8864"},"modified":"2015-05-11T21:13:14","modified_gmt":"2015-05-12T00:13:14","slug":"el-papa-durante-el-domingo-10-de-mayo","status":"publish","type":"post","link":"http:\/\/obispadodezaratecampana.org\/?p=8864","title":{"rendered":"El Papa durante el domingo 10 de mayo"},"content":{"rendered":"<p>A mediod\u00eda, desde la ventana del estudio del Palacio Apost\u00f3lico, el Papa Bergoglio rez\u00f3 la oraci\u00f3n mariana del Regina Coeli, que sustituye a la del \u00c1ngelus en el tiempo pascual, con los miles de fieles y peregrinos que se hab\u00edan dado cita en la Plaza de San Pedro, deseosos de escuchar sus palabras y de recibir su bendici\u00f3n apost\u00f3lica.<\/p>\n<p>El Santo Padre record\u00f3 que el Evangelio del sexto domingo de Pascua corresponde al cap\u00edtulo 15 de San Juan, que nos conduce al Cen\u00e1culo, donde escuchamos el mandamiento nuevo de Jes\u00fas: \u201c\u00c1mense los unos a los otros, como yo los he am&#8217;ado\u201d. Y, pensando en el sacrificio de la cruz ya inminente, a\u00f1ade: \u201cNo hay amor m\u00e1s grande que dar la vida por los amigos\u201d.<\/p>\n<p>Francisco afirm\u00f3 que estas palabras, pronunciadas durante la \u00faltima Cena resumen, no s\u00f3lo el mensaje, sino todo lo que ha hecho el Se\u00f1or: dar la vida por sus amigos, a pesar de que no lo hab\u00edan comprendido, y de que llegaron a abandonarlo, traicionarlo y renegarlo.<\/p>\n<p>Y a\u00f1adi\u00f3 que de este modo, Jes\u00fas nos muestra el camino para seguirlo, el camino del amor, cuyo mandamiento no es un simple precepto, sino que es el mandamiento nuevo de Cristo, puesto que \u00c9l lo realiz\u00f3 en su carne en primer lugar, haciendo de este modo que la ley del amor se escribiera, de una vez para siempre, en el coraz\u00f3n de todos los hombres.<\/p>\n<p>Es un camino que nos conduce a salir de nosotros mismos para ir hacia los dem\u00e1s. Jes\u00fas nos ha mostrado que el amor de Dios se realiza en el amor al pr\u00f3jimo. Las p\u00e1ginas del Evangelio est\u00e1n llenas de este amor: adultos y ni\u00f1os, cultos e ignorantes, ricos y pobres, justos y pecadores han tenido acogida en el coraz\u00f3n de Cristo.<\/p>\n<p>Por tanto, el Obispo de Roma nos invit\u00f3 a querernos unos a otros, incluso si no siempre nos entendemos, o no vamos de acuerdo, porque en esto reside el amor cristiano, que se traduce en gestos de cercan\u00eda a un anciano, a un ni\u00f1o, a un enfermo, a una persona sola y con dificultades, sin casa, sin trabajo, inmigrada o refugiada.<\/p>\n<p>Por \u00faltimo el Santo Padre invoc\u00f3 a nuestra Madre Sant\u00edsima, para que en la vida cotidiana de cada uno de nosotros el amor de Dios y el amor del pr\u00f3ximo est\u00e9n siempre unidos.<\/p>\n<p><strong>Texto de la meditaci\u00f3n del Papa Francisco antes de rezar el Regina Coeli del VI Domingo de Pascua:<\/strong><\/p>\n<p>Queridos hermanos y hermanas, \u00a1buenos d\u00edas!<\/p>\n<p>El Evangelio de hoy \u2013 Juan, cap\u00edtulo 15 \u2013 nos vuelve a llevar al Cen\u00e1culo, donde escuchamos el mandamiento nuevo de Jes\u00fas. Dice as\u00ed: \u201cEste es mi mandamiento: \u00e1mense los unos a los otros, como yo los he amado\u201d (v. 12). Y, pensando en el sacrificio de la cruz ya inminente, a\u00f1ade: \u201cNo hay amor m\u00e1s grande que dar la vida por los amigos. Ustedes son mis amigos si hacen lo que yo les mando\u201d (vv.13-14).<\/p>\n<p>Estas palabras, pronunciadas durante la \u00faltima Cena, resumen todo el mensaje de Jes\u00fas; es m\u00e1s, resumen todo lo que \u00c9l ha hecho: Jes\u00fas ha dado la vida por sus amigos. Amigos que no lo hab\u00edan comprendido, que en el momento crucial lo han abandonado, traicionado y renegado. Esto nos dice que \u00c9l nos ama aun no siendo merecedores de su amor: \u00a1as\u00ed nos ama Jes\u00fas!<\/p>\n<p>De este modo, Jes\u00fas nos muestra el camino para seguirlo, el camino del amor. Su mandamiento no es un simple precepto, que permanece siempre como algo abstracto o exterior a la vida. El mandamiento de Cristo es nuevo, porque \u00c9l, en primer lugar, lo ha realizado, le ha dado carne, y as\u00ed la ley del amor es escrita una vez para siempre en el coraz\u00f3n del hombre (Cfr. Jer 31,33). \u00bfY c\u00f3mo est\u00e1 escrita? Est\u00e1 escrita con el fuego del Esp\u00edritu Santo. Y con este mismo Esp\u00edritu, que Jes\u00fas nos da, \u00a1podemos caminar tambi\u00e9n nosotros por este camino!<\/p>\n<p>Es un camino concreto, un camino que nos conduce a salir de nosotros mismo para ir hacia los dem\u00e1s. Jes\u00fas nos ha mostrado que el amor de Dios se realiza en el amor al pr\u00f3jimo. Ambos van juntos. Las p\u00e1ginas del Evangelio est\u00e1n llenas de este amor: adultos y ni\u00f1os, cultos e ignorantes, ricos y pobres, justos y pecadores han tenido acogida en el coraz\u00f3n de Cristo.<\/p>\n<p>Por tanto, esta Palabra del Se\u00f1or nos llama a amarnos unos a otros, incluso si no siempre nos entendemos, no siempre vamos de acuerdo\u2026 pero es precisamente all\u00ed donde se ve el amor cristiano. Un amor que tambi\u00e9n se manifiesta si existen diferencias de opini\u00f3n o de car\u00e1cter, \u00a1pero el amor es m\u00e1s grande que estas diferencias! \u00c9ste es el amor que nos ha ense\u00f1ado Jes\u00fas. Es un amor nuevo porque ha sido renovado por Jes\u00fas y por su Esp\u00edritu. Es un amor redimido, liberado del ego\u00edsmo. Un amor que da la alegr\u00eda a nuestro coraz\u00f3n, como dice el mismo Jes\u00fas: \u201cLes he dicho esto para que mi gozo sea el de ustedes, y ese gozo sea perfecto\u201d (v.11).<\/p>\n<p>Es precisamente el amor de Cristo, que el Esp\u00edritu Santo derrama en nuestros corazones, el que realiza cada d\u00eda prodigios en la Iglesia y en el mundo. Son tantos peque\u00f1os y grandes gestos que obedecen al mandamiento del Se\u00f1or: \u201c\u00c1mense los unos a los otros, como yo los he amado\u201d (Cfr. Jn 15,12).<\/p>\n<p>Gestos peque\u00f1os, de todos los d\u00edas, gestos de cercan\u00eda a un anciano, a un ni\u00f1o, a un enfermo, a una persona sola y con dificultades, sin casa, sin trabajo, inmigrada, refugiada\u2026 Gracias a la fuerza de esta Palabra de Cristo, cada uno de nosotros puede estar cerca del hermano y de la hermana que encuentra. Gestos de cercan\u00eda, de proximidad. En estos gestos se manifiesta el amor que Cristo nos ha ense\u00f1ado.<\/p>\n<p>Que en esto nos ayude nuestra Madre Sant\u00edsima, para que en la vida cotidiana de cada uno de nosotros el amor de Dios y el amor del pr\u00f3ximo est\u00e9n siempre unidos.<br \/>\nDespu\u00e9s del rezo a la Madre de Dios el Papa Francisco dirigi\u00f3 sus saludos a todos los peregrinos presentes en la Plaza de san Pedro provenientes de diversas partes del mundo, a las varias asociaciones presentes, a los participantes en el congreso promovido por la Conferencia Episcopal Italiana para el sost\u00e9n de una escuela de calidad y abierta a las familias, y a los grupos escolares. A los j\u00f3venes los exhort\u00f3 a ser cristianos valientes y testigos de esperanza, y un pensamiento especial fue a las mam\u00e1s en su d\u00eda, que se celebra en diferentes pa\u00edses este domingo: a ellas dirigi\u00f3 su pensamiento con gratitud y afecto, y las encomend\u00f3 a la Madre de Jes\u00fas.<\/p>\n<p><strong>Texto completo<\/strong><\/p>\n<p>\u201cQueridos hermanos y hermanas, \u00a1buenos d\u00edas!<\/p>\n<p>Saludo a todos ustedes, familias, grupos religiosos, asociaciones y peregrinos provenientes de Italia y de muchas partes del mundo, en particular de Madrid, de Puerto Rico y Croacia. Saludo a los fieles de Guidonia y Portici; a los grupos escolares de Carrara, Bitonto y Lecco. Un pensamiento especial para los j\u00f3venes de la Di\u00f3cesis de Orvieto-Todi, acompa\u00f1ados por su Pastor Mons Tuzia: \u00a1sean cristianos valientes y testigos de esperanza!<\/p>\n<p>Saludo al Cuerpo Forestal del Estado, que organiza la fiesta nacional de las Reservas Naturales para el redescubrimiento y el respeto de las bellezas de la creaci\u00f3n; a los participantes en el congreso promovido por la Conferencia Episcopal Italiana en apoyo de una escuela de calidad y abierta a las familias; a la delegaci\u00f3n de mujeres de la \u201cKomen Italia\u201d, una asociaci\u00f3n para la lucha contra el c\u00e1ncer de mama; y a cuantos han tomado parte en la iniciativa que tuvo lugar esta ma\u00f1ana en Roma: es importante trabajar juntos para defender y promover la vida.<\/p>\n<p>Y, hablando de vida, hoy en muchos Pa\u00edses se celebra el d\u00eda de la madre:recordamos con gratitud y afecto a todas las mam\u00e1s. Ahora me dirijo a las mam\u00e1s que est\u00e1n aqu\u00ed en la Plaza: \u00bfhay? \u00bfS\u00ed? \u00bfHay mam\u00e1s? \u00a1Un aplauso para ellas, para las mam\u00e1s que est\u00e1n en la Plaza!&#8230; Y que este aplauso abrace a todas las mam\u00e1s, a todas nuestras queridas mam\u00e1s: aquellas que viven con nosotros f\u00edsicamente, y tambi\u00e9n aquellas que viven con nosotros espiritualmente. Que el Se\u00f1or las bendiga a todas, y que la Virgen, a quien este mes est\u00e1 dedicado, las custodie. Las confiamos a la Mam\u00e1 de Jes\u00fas.<\/p>\n<p>Les deseo a todos un buen domingo &#8211; un poco calurosa. Y por favor, no se olviden de rezar por m\u00ed. \u00a1Buen almuerzo y hasta pronto!\u201d<\/p>\n<p>Fuente: www.news.va<\/p>\n<p>&nbsp;<\/p>\n<p>&nbsp;<\/p>\n<p>&nbsp;<\/p>\n<!-- AddThis Advanced Settings generic via filter on the_content --><!-- AddThis Share Buttons generic via filter on the_content -->","protected":false},"excerpt":{"rendered":"<p>A mediod\u00eda, desde la ventana del estudio del Palacio Apost\u00f3lico, el Papa Bergoglio rez\u00f3 la oraci\u00f3n mariana del Regina Coeli, que sustituye a la del [&hellip;]<!-- AddThis Advanced Settings generic via filter on get_the_excerpt --><!-- AddThis Share Buttons generic via filter on get_the_excerpt --><\/p>\n","protected":false},"author":2,"featured_media":8865,"comment_status":"open","ping_status":"open","sticky":false,"template":"","format":"standard","meta":{"footnotes":""},"categories":[161],"tags":[],"class_list":["post-8864","post","type-post","status-publish","format-standard","has-post-thumbnail","hentry","category-el-papa-leonxiv"],"_links":{"self":[{"href":"http:\/\/obispadodezaratecampana.org\/index.php?rest_route=\/wp\/v2\/posts\/8864","targetHints":{"allow":["GET"]}}],"collection":[{"href":"http:\/\/obispadodezaratecampana.org\/index.php?rest_route=\/wp\/v2\/posts"}],"about":[{"href":"http:\/\/obispadodezaratecampana.org\/index.php?rest_route=\/wp\/v2\/types\/post"}],"author":[{"embeddable":true,"href":"http:\/\/obispadodezaratecampana.org\/index.php?rest_route=\/wp\/v2\/users\/2"}],"replies":[{"embeddable":true,"href":"http:\/\/obispadodezaratecampana.org\/index.php?rest_route=%2Fwp%2Fv2%2Fcomments&post=8864"}],"version-history":[{"count":1,"href":"http:\/\/obispadodezaratecampana.org\/index.php?rest_route=\/wp\/v2\/posts\/8864\/revisions"}],"predecessor-version":[{"id":8866,"href":"http:\/\/obispadodezaratecampana.org\/index.php?rest_route=\/wp\/v2\/posts\/8864\/revisions\/8866"}],"wp:featuredmedia":[{"embeddable":true,"href":"http:\/\/obispadodezaratecampana.org\/index.php?rest_route=\/wp\/v2\/media\/8865"}],"wp:attachment":[{"href":"http:\/\/obispadodezaratecampana.org\/index.php?rest_route=%2Fwp%2Fv2%2Fmedia&parent=8864"}],"wp:term":[{"taxonomy":"category","embeddable":true,"href":"http:\/\/obispadodezaratecampana.org\/index.php?rest_route=%2Fwp%2Fv2%2Fcategories&post=8864"},{"taxonomy":"post_tag","embeddable":true,"href":"http:\/\/obispadodezaratecampana.org\/index.php?rest_route=%2Fwp%2Fv2%2Ftags&post=8864"}],"curies":[{"name":"wp","href":"https:\/\/api.w.org\/{rel}","templated":true}]}}