{"id":8858,"date":"2015-05-11T12:16:13","date_gmt":"2015-05-11T15:16:13","guid":{"rendered":"http:\/\/obispadodezaratecampana.org\/?p=8858"},"modified":"2015-05-11T12:16:13","modified_gmt":"2015-05-11T15:16:13","slug":"17-de-mayo-ordenacion-diaconal-en-campana","status":"publish","type":"post","link":"http:\/\/obispadodezaratecampana.org\/?p=8858","title":{"rendered":"17 de mayo &#8211; Ordenaci\u00f3n Diaconal en Campana &#8211;"},"content":{"rendered":"<p>El Hno. C\u00e9sar Javier Mesa, RCJ, ser\u00e1 ordenado Diacono para servir a la Iglesia desde su familia religiosa: los Padres Rogacionistas del Coraz\u00f3n de Jes\u00fas. Recibir\u00e1 el orden del Diaconado de las manos del Obispo diocesano: Mons.Oscar D. Sarlinga.<\/p>\n<p>Domingo 17 de mayo a las 19 hs, en la \u00a0Parroquia Nuestra Se\u00f1ora del Carmen (Campana).<\/p>\n<p><img fetchpriority=\"high\" decoding=\"async\" class=\" wp-image-8859 aligncenter\" src=\"http:\/\/obispadodezaratecampana.org\/wp-content\/uploads\/2015\/05\/diaconal-212x300.jpg\" alt=\"diaconal\" width=\"346\" height=\"409\" \/><\/p>\n<!-- AddThis Advanced Settings generic via filter on the_content --><!-- AddThis Share Buttons generic via filter on the_content -->","protected":false},"excerpt":{"rendered":"<p>El Hno. C\u00e9sar Javier Mesa, RCJ, ser\u00e1 ordenado Diacono para servir a la Iglesia desde su familia religiosa: los Padres Rogacionistas del Coraz\u00f3n de Jes\u00fas. [&hellip;]<!-- AddThis Advanced Settings generic via filter on get_the_excerpt --><!-- AddThis Share Buttons generic via filter on get_the_excerpt --><\/p>\n","protected":false},"author":2,"featured_media":8859,"comment_status":"open","ping_status":"open","sticky":false,"template":"","format":"standard","meta":{"footnotes":""},"categories":[1],"tags":[],"class_list":["post-8858","post","type-post","status-publish","format-standard","has-post-thumbnail","hentry","category-noticiasdiocesanas"],"_links":{"self":[{"href":"http:\/\/obispadodezaratecampana.org\/index.php?rest_route=\/wp\/v2\/posts\/8858","targetHints":{"allow":["GET"]}}],"collection":[{"href":"http:\/\/obispadodezaratecampana.org\/index.php?rest_route=\/wp\/v2\/posts"}],"about":[{"href":"http:\/\/obispadodezaratecampana.org\/index.php?rest_route=\/wp\/v2\/types\/post"}],"author":[{"embeddable":true,"href":"http:\/\/obispadodezaratecampana.org\/index.php?rest_route=\/wp\/v2\/users\/2"}],"replies":[{"embeddable":true,"href":"http:\/\/obispadodezaratecampana.org\/index.php?rest_route=%2Fwp%2Fv2%2Fcomments&post=8858"}],"version-history":[{"count":1,"href":"http:\/\/obispadodezaratecampana.org\/index.php?rest_route=\/wp\/v2\/posts\/8858\/revisions"}],"predecessor-version":[{"id":8860,"href":"http:\/\/obispadodezaratecampana.org\/index.php?rest_route=\/wp\/v2\/posts\/8858\/revisions\/8860"}],"wp:featuredmedia":[{"embeddable":true,"href":"http:\/\/obispadodezaratecampana.org\/index.php?rest_route=\/wp\/v2\/media\/8859"}],"wp:attachment":[{"href":"http:\/\/obispadodezaratecampana.org\/index.php?rest_route=%2Fwp%2Fv2%2Fmedia&parent=8858"}],"wp:term":[{"taxonomy":"category","embeddable":true,"href":"http:\/\/obispadodezaratecampana.org\/index.php?rest_route=%2Fwp%2Fv2%2Fcategories&post=8858"},{"taxonomy":"post_tag","embeddable":true,"href":"http:\/\/obispadodezaratecampana.org\/index.php?rest_route=%2Fwp%2Fv2%2Ftags&post=8858"}],"curies":[{"name":"wp","href":"https:\/\/api.w.org\/{rel}","templated":true}]}}