{"id":8851,"date":"2015-05-08T18:53:10","date_gmt":"2015-05-08T21:53:10","guid":{"rendered":"http:\/\/obispadodezaratecampana.org\/?p=8851"},"modified":"2015-05-08T18:53:10","modified_gmt":"2015-05-08T21:53:10","slug":"francisco-viernes-8-de-mayo","status":"publish","type":"post","link":"http:\/\/obispadodezaratecampana.org\/?p=8851","title":{"rendered":"Francisco: Viernes 8 de mayo"},"content":{"rendered":"<p>HOMIL\u00cdA DEL VIERNES: LAS DISCUSIONES EN LA IGLESIA DEBEN LLEVAR A LA UNIDAD, FIELES AL ESP\u00cdRITU SANTO<br \/>\nHoy, d\u00eda de la fiesta de Nuestra Se\u00f1ora de Luj\u00e1n, patrona de Argentina, el Papa Francisco ofreci\u00f3 por su patria la Misa que celebr\u00f3 en Santa Marta.<br \/>\nEl Pont\u00edfice invit\u00f3 a los fieles a secundar los movimientos que produce el Esp\u00edritu Santo en cada uno de nosotros y en toda la Iglesia: movimientos que aparentemente parecen provocar confusi\u00f3n, y que en cambio desembocan siempre en la unidad.<br \/>\nEl Papa record\u00f3 que \u00abJes\u00fas hab\u00eda prometido a los ap\u00f3stoles el Esp\u00edritu Santo, y hab\u00eda dicho que el Esp\u00edritu Santo les ense\u00f1ar\u00eda muchas cosas y les recordar\u00eda cuanto \u00c9l les hab\u00eda ense\u00f1ado\u00bb.<br \/>\nAs\u00ed, \u00abdesde el mismo d\u00eda de la venida del Esp\u00edritu Santo, comenzaron a moverse las aguas\u00bb. Es Dios el que mueve las aguas de la Iglesia; y cada vez que los cristianos, comenzando por los Ap\u00f3stoles, se han confrontado con franqueza y en el di\u00e1logo, sin fomentar traiciones y \u201cacuerdos\u201d internos, han comprendido siempre lo que era justo hacer, gracias a la inspiraci\u00f3n del Esp\u00edritu Santo.<br \/>\nFrancisco profundiz\u00f3 este tema guiado por los Hechos de los Ap\u00f3stoles refiri\u00e9ndose a las situaciones de confrontaci\u00f3n y de choque que vivi\u00f3 la primera comunidad cristiana.<br \/>\nEn el cap\u00edtulo 15 de los Hechos de los Ap\u00f3stoles (22-31), se narra que \u00abun grupo de cristianos, muy apegados a la ley jud\u00eda, quer\u00eda imponer las condiciones jud\u00edas a los nuevos cristianos antes de bautizarlos: por ejemplo la circuncisi\u00f3n y otras cosas\u00bb.<br \/>\nPero \u00abPablo dijo no\u00bb. He aqu\u00ed, entonces, que \u00abcomenz\u00f3 la lucha interna entre ellos, las aguas se movieron\u00bb. Se lee, en efecto, que entre ellos hab\u00edan fuertes discusiones.<br \/>\nY \u00ab\u00bfc\u00f3mo resolvieron el problema? Se reunieron y cada uno dio su juicio, dio su opini\u00f3n; discutieron, pero como hermanos y no como enemigos: no hicieron &#8220;acuerdos&#8221; fuera para vencer; no fueron al encuentro de los poderes civiles para imponerse; no mataron para triunfar: buscaron el camino de la oraci\u00f3n y del di\u00e1logo\u00bb.<br \/>\nY as\u00ed, los \u00abque eran precisamente sus contrarios dialogaron y se pusieron de acuerdo: esto fue obra del Esp\u00edritu Santo\u00bb.<br \/>\nEl Papa subray\u00f3 que la decisi\u00f3n final se tom\u00f3 en la concordia. Y sobre esta base escribieron una carta a los hermanos que proven\u00edan del paganismo. El proceso, en definitiva, acaba encontrando \u00abel acuerdo de todos\u00bb.<br \/>\nPrecisamente \u00abeste \u2014dijo el Papa Francisco\u2014 es el camino del Esp\u00edritu Santo, esta es la obra del Esp\u00edritu Santo\u00bb. Porque es \u00c9l \u00abquien mueve las aguas, el que causa un poco de desorden, y parece que hay tempestad, tormenta \u2014pensad en el d\u00eda de Pentecost\u00e9s\u2014 y despu\u00e9s crea armon\u00eda, unidad: tiene estas dos caracter\u00edsticas\u00bb.<br \/>\n\u00abUna Iglesia en la que nunca hay problemas de este tipo \u2014a\u00f1adi\u00f3\u2014 me hace pensar que el Esp\u00edritu no est\u00e1 muy presente\u00bb. Y, del mismo modo, \u00aben una Iglesia donde siempre se discute y se forman grupos y los hermanos se traicionan el uno al otro, ah\u00ed no est\u00e1 el Esp\u00edritu\u00bb.<br \/>\nDe hecho, \u00abel Esp\u00edritu es el que crea la novedad, mueve la situaci\u00f3n para ir hacia adelante, crea nuevos espacios, crea la sabidur\u00eda que Jes\u00fas prometi\u00f3: \u201c\u00c9l os ense\u00f1ar\u00e1\u201d\u00bb. El Esp\u00edritu, por lo tanto, \u00abmueve pero al final crea tambi\u00e9n la unidad armoniosa entre todos\u00bb.<br \/>\nHe aqu\u00ed lo que \u00abnos ense\u00f1a esta lectura\u00bb, recapitul\u00f3 el Papa Francisco. Y al proseguir la celebraci\u00f3n, pidi\u00f3 \u00abal Se\u00f1or Jes\u00fas, que estar\u00e1 presente entre nosotros, que env\u00ede siempre el Esp\u00edritu Santo a nosotros, a cada uno de nosotros; que lo env\u00ede a la Iglesia y que la Iglesia sepa ser fiel a los movimientos que causa el Esp\u00edritu Santo\u00bb.<\/p>\n<p>Fuente: www.news.va<\/p>\n<!-- AddThis Advanced Settings generic via filter on the_content --><!-- AddThis Share Buttons generic via filter on the_content -->","protected":false},"excerpt":{"rendered":"<p>HOMIL\u00cdA DEL VIERNES: LAS DISCUSIONES EN LA IGLESIA DEBEN LLEVAR A LA UNIDAD, FIELES AL ESP\u00cdRITU SANTO Hoy, d\u00eda de la fiesta de Nuestra Se\u00f1ora [&hellip;]<!-- AddThis Advanced Settings generic via filter on get_the_excerpt --><!-- AddThis Share Buttons generic via filter on get_the_excerpt --><\/p>\n","protected":false},"author":2,"featured_media":8852,"comment_status":"open","ping_status":"open","sticky":false,"template":"","format":"standard","meta":{"footnotes":""},"categories":[161],"tags":[],"class_list":["post-8851","post","type-post","status-publish","format-standard","has-post-thumbnail","hentry","category-el-papa-leonxiv"],"_links":{"self":[{"href":"http:\/\/obispadodezaratecampana.org\/index.php?rest_route=\/wp\/v2\/posts\/8851","targetHints":{"allow":["GET"]}}],"collection":[{"href":"http:\/\/obispadodezaratecampana.org\/index.php?rest_route=\/wp\/v2\/posts"}],"about":[{"href":"http:\/\/obispadodezaratecampana.org\/index.php?rest_route=\/wp\/v2\/types\/post"}],"author":[{"embeddable":true,"href":"http:\/\/obispadodezaratecampana.org\/index.php?rest_route=\/wp\/v2\/users\/2"}],"replies":[{"embeddable":true,"href":"http:\/\/obispadodezaratecampana.org\/index.php?rest_route=%2Fwp%2Fv2%2Fcomments&post=8851"}],"version-history":[{"count":1,"href":"http:\/\/obispadodezaratecampana.org\/index.php?rest_route=\/wp\/v2\/posts\/8851\/revisions"}],"predecessor-version":[{"id":8853,"href":"http:\/\/obispadodezaratecampana.org\/index.php?rest_route=\/wp\/v2\/posts\/8851\/revisions\/8853"}],"wp:featuredmedia":[{"embeddable":true,"href":"http:\/\/obispadodezaratecampana.org\/index.php?rest_route=\/wp\/v2\/media\/8852"}],"wp:attachment":[{"href":"http:\/\/obispadodezaratecampana.org\/index.php?rest_route=%2Fwp%2Fv2%2Fmedia&parent=8851"}],"wp:term":[{"taxonomy":"category","embeddable":true,"href":"http:\/\/obispadodezaratecampana.org\/index.php?rest_route=%2Fwp%2Fv2%2Fcategories&post=8851"},{"taxonomy":"post_tag","embeddable":true,"href":"http:\/\/obispadodezaratecampana.org\/index.php?rest_route=%2Fwp%2Fv2%2Ftags&post=8851"}],"curies":[{"name":"wp","href":"https:\/\/api.w.org\/{rel}","templated":true}]}}