{"id":8848,"date":"2015-05-08T18:32:31","date_gmt":"2015-05-08T21:32:31","guid":{"rendered":"http:\/\/obispadodezaratecampana.org\/?p=8848"},"modified":"2015-05-08T18:32:31","modified_gmt":"2015-05-08T21:32:31","slug":"virgen-de-lujan-palabras-de-nuestro-obispo","status":"publish","type":"post","link":"http:\/\/obispadodezaratecampana.org\/?p=8848","title":{"rendered":"+ Virgen de Luj\u00e1n: Palabras de nuestro Obispo +"},"content":{"rendered":"<p>Palabras de nuestro Obispo Oscar , publicadas en su perfil de facebook en el d\u00eda de la Virgen de Lujan &#8211; 8 de mayo- :<\/p>\n<p>Fuente:\u00a0<a title=\"oscar\" href=\"https:\/\/www.facebook.com\/monsoscardsarlinga?fref=ts\" target=\"_blank\">https:\/\/www.facebook.com\/monsoscardsarlinga?fref=ts<\/a><\/p>\n<p>&#8220;<em>Quiera Dios que esta solemnidad de la Virgen de Luj\u00e1n, en nuestras Fiestas Patronales diocesanas signifiquen una especial conversaci\u00f3n con Mar\u00eda, en una &#8220;visi\u00f3n ic\u00f3nica&#8221; de la Virgen Madre, como \u201c\u00edcono de la Iglesia\u201d, \u00edcono jam\u00e1s est\u00e1tico y menos de estilo gn\u00f3stico sino profundamente \u201crenovador en el Esp\u00edritu, su Esposo\u201d, \u00edcono nada formalista sino &#8220;lleno&#8221; (como &#8220;llenos&#8221; son los &#8220;tiempos b\u00edblicos&#8221;) de sereno dinamismo, de evang\u00e9lica d\u00fdnamis, para, con su intercesi\u00f3n poderosa, actualizar en nosotros, los disc\u00edpulos, la imagen del Hijo, y para fortalecer nuestro con-discipulado\u2026 &#8220;<\/em><br \/>\n<em>+Oscar.<\/em><\/p>\n<p><em>En el d\u00eda de la Virgen de Luj\u00e1n. Con Mar\u00eda, salvados &#8220;en racimo&#8221; (la expresi\u00f3n es del Obispo San Agust\u00edn). <\/em><br \/>\n<em>&#8220;En verdad, una renovaci\u00f3n en el Esp\u00edritu nos ha de llevar a ver en todo discipulado un con-discipulado (salvados \u201cen racimo\u201d), porque el \u201cespacio de verdadera fraternidad\u201d que crea Pentecost\u00e9s, como Ekkles\u00eda, Iglesia convocada y convocante, tiene su surgiente en Mar\u00eda, siendo ella, a la vez, miembro \u00abexcelent\u00edsimo y enteramente singular\u00bb (Lumen gentium, 53) y \u00abverdadera madre de los miembros de Cristo\u00bb (ib.)&#8221;.<\/em><br \/>\n<em>+Oscar Sarlinga.<\/em><\/p>\n<p><em>En el d\u00eda de la Virgen de Luj\u00e1n. Con Ella, revivir Pentecost\u00e9s. <\/em><br \/>\n<em>&#8220;El revivir la experiencia de la Iglesia naciente significa para nosotros \u201cdejarnos hacer por la gracia\u201d para \u201cnacer de nuevo\u201d, re-nacer, en la Iglesia, como Iglesia, revivificando nuestro \u201cser disc\u00edpulos\u201d y nuestro condiscipulado poni\u00e9ndonos en un tambi\u00e9n renovado camino evangelizador, impulsados por el dinamismo de la presencia del Esp\u00edritu. Seremos as\u00ed, cada d\u00eda, purificados por la din\u00e1mica de nuestra propia \u201cmuerte-resurrecci\u00f3n-ser enviados\u201d, compartidos por Cristo, que vive por siempre y nos envi\u00f3 junto con el Padre el Esp\u00edritu de Amor&#8221;.<\/em><br \/>\n<em>+Oscar Sarlinga.<\/em><\/p>\n<p><em>En el d\u00eda de la Virgen de Luj\u00e1n. Recibir a Mar\u00eda &#8220;como Madre&#8221;. <\/em><br \/>\n<em>&#8220;Recibamos a Mar\u00eda como Madre. No defraudemos ese \u201c\u00faltimo encargo\u201d de Cristo muriente, es su legado. Rechazar su encargo ser\u00eda como ofenderlo en su cara en el momento mismo en que, desde la Cruz, nos dijo a cada uno de nosotros: \u00abAqu\u00ed tienes a tu madre\u00bb. Aunque seamos pecadores y necesitados de conversi\u00f3n (o precisamente por eso), lo que nos toca es, \u201crecibirla en nuestra casa\u201d, a la Virgen y a nuestros hermanos y hermanas, los \u201ccondisc\u00edpulos\u201d; tanto cuanto lo habremos hecho, as\u00ed seremos juzgados cuando \u201cdesaparezca la figura de este mundo\u201d y no quede lugar m\u00e1s que para la Verdad misma, ante los ojos de Cristo, ojos \u201cmil veces m\u00e1s brillantes que el Sol\u201d.<\/em><\/p>\n<p>&nbsp;<\/p>\n<!-- AddThis Advanced Settings generic via filter on the_content --><!-- AddThis Share Buttons generic via filter on the_content -->","protected":false},"excerpt":{"rendered":"<p>Palabras de nuestro Obispo Oscar , publicadas en su perfil de facebook en el d\u00eda de la Virgen de Lujan &#8211; 8 de mayo- : [&hellip;]<!-- AddThis Advanced Settings generic via filter on get_the_excerpt --><!-- AddThis Share Buttons generic via filter on get_the_excerpt --><\/p>\n","protected":false},"author":2,"featured_media":8849,"comment_status":"open","ping_status":"open","sticky":false,"template":"","format":"standard","meta":{"footnotes":""},"categories":[1],"tags":[],"class_list":["post-8848","post","type-post","status-publish","format-standard","has-post-thumbnail","hentry","category-noticiasdiocesanas"],"_links":{"self":[{"href":"http:\/\/obispadodezaratecampana.org\/index.php?rest_route=\/wp\/v2\/posts\/8848","targetHints":{"allow":["GET"]}}],"collection":[{"href":"http:\/\/obispadodezaratecampana.org\/index.php?rest_route=\/wp\/v2\/posts"}],"about":[{"href":"http:\/\/obispadodezaratecampana.org\/index.php?rest_route=\/wp\/v2\/types\/post"}],"author":[{"embeddable":true,"href":"http:\/\/obispadodezaratecampana.org\/index.php?rest_route=\/wp\/v2\/users\/2"}],"replies":[{"embeddable":true,"href":"http:\/\/obispadodezaratecampana.org\/index.php?rest_route=%2Fwp%2Fv2%2Fcomments&post=8848"}],"version-history":[{"count":1,"href":"http:\/\/obispadodezaratecampana.org\/index.php?rest_route=\/wp\/v2\/posts\/8848\/revisions"}],"predecessor-version":[{"id":8850,"href":"http:\/\/obispadodezaratecampana.org\/index.php?rest_route=\/wp\/v2\/posts\/8848\/revisions\/8850"}],"wp:featuredmedia":[{"embeddable":true,"href":"http:\/\/obispadodezaratecampana.org\/index.php?rest_route=\/wp\/v2\/media\/8849"}],"wp:attachment":[{"href":"http:\/\/obispadodezaratecampana.org\/index.php?rest_route=%2Fwp%2Fv2%2Fmedia&parent=8848"}],"wp:term":[{"taxonomy":"category","embeddable":true,"href":"http:\/\/obispadodezaratecampana.org\/index.php?rest_route=%2Fwp%2Fv2%2Fcategories&post=8848"},{"taxonomy":"post_tag","embeddable":true,"href":"http:\/\/obispadodezaratecampana.org\/index.php?rest_route=%2Fwp%2Fv2%2Ftags&post=8848"}],"curies":[{"name":"wp","href":"https:\/\/api.w.org\/{rel}","templated":true}]}}