{"id":8823,"date":"2015-05-04T21:08:55","date_gmt":"2015-05-05T00:08:55","guid":{"rendered":"http:\/\/obispadodezaratecampana.org\/?p=8823"},"modified":"2015-05-05T17:04:47","modified_gmt":"2015-05-05T20:04:47","slug":"virgen-de-lujan-celebraciones-8-9-y-10-de-mayo","status":"publish","type":"post","link":"http:\/\/obispadodezaratecampana.org\/?p=8823","title":{"rendered":"Virgen de Luj\u00e1n : Celebraciones 8, 9 y 10 de mayo"},"content":{"rendered":"<p><em><strong>:: CELEBRACIONES PRESIDIDAS POR NUESTRO OBISPO OSCAR ::<\/strong><\/em><\/p>\n<p>Este pr\u00f3ximo 8 de mayo \u00a0(propiamente en el d\u00eda de la Virgen de Luj\u00e1n) los invitamos a la celebraci\u00f3n en la parroquia de Nuestra Se\u00f1ora de Luj\u00e1n y los Santos Ap\u00f3stoles Pedro y Pablo (en Campana) para rezar por las intenciones que nos encomend\u00f3 la Conferencia Episcopal Argentina. La misa ser\u00e1 a las 18 hs.<\/p>\n<p>El d\u00eda s\u00e1bado 9 se celebrar\u00e1n las Fiestas Patronales diocesanas (de la Virgen de Luj\u00e1n) en Baradero. La santa misa de clausura est\u00e1 prevista para las 16 hs.<\/p>\n<p>El domingo 10 la comunidad de la parroquia de Nuestra Se\u00f1ora de Luj\u00e1n, de Z\u00e1rate, festeja sus fiestas patronales, siendo la misa a las 10: 30 hs.<\/p>\n<!-- AddThis Advanced Settings generic via filter on the_content --><!-- AddThis Share Buttons generic via filter on the_content -->","protected":false},"excerpt":{"rendered":"<p>:: CELEBRACIONES PRESIDIDAS POR NUESTRO OBISPO OSCAR :: Este pr\u00f3ximo 8 de mayo \u00a0(propiamente en el d\u00eda de la Virgen de Luj\u00e1n) los invitamos a [&hellip;]<!-- AddThis Advanced Settings generic via filter on get_the_excerpt --><!-- AddThis Share Buttons generic via filter on get_the_excerpt --><\/p>\n","protected":false},"author":2,"featured_media":8830,"comment_status":"open","ping_status":"open","sticky":false,"template":"","format":"standard","meta":{"footnotes":""},"categories":[1],"tags":[],"class_list":["post-8823","post","type-post","status-publish","format-standard","has-post-thumbnail","hentry","category-noticiasdiocesanas"],"_links":{"self":[{"href":"http:\/\/obispadodezaratecampana.org\/index.php?rest_route=\/wp\/v2\/posts\/8823","targetHints":{"allow":["GET"]}}],"collection":[{"href":"http:\/\/obispadodezaratecampana.org\/index.php?rest_route=\/wp\/v2\/posts"}],"about":[{"href":"http:\/\/obispadodezaratecampana.org\/index.php?rest_route=\/wp\/v2\/types\/post"}],"author":[{"embeddable":true,"href":"http:\/\/obispadodezaratecampana.org\/index.php?rest_route=\/wp\/v2\/users\/2"}],"replies":[{"embeddable":true,"href":"http:\/\/obispadodezaratecampana.org\/index.php?rest_route=%2Fwp%2Fv2%2Fcomments&post=8823"}],"version-history":[{"count":3,"href":"http:\/\/obispadodezaratecampana.org\/index.php?rest_route=\/wp\/v2\/posts\/8823\/revisions"}],"predecessor-version":[{"id":8831,"href":"http:\/\/obispadodezaratecampana.org\/index.php?rest_route=\/wp\/v2\/posts\/8823\/revisions\/8831"}],"wp:featuredmedia":[{"embeddable":true,"href":"http:\/\/obispadodezaratecampana.org\/index.php?rest_route=\/wp\/v2\/media\/8830"}],"wp:attachment":[{"href":"http:\/\/obispadodezaratecampana.org\/index.php?rest_route=%2Fwp%2Fv2%2Fmedia&parent=8823"}],"wp:term":[{"taxonomy":"category","embeddable":true,"href":"http:\/\/obispadodezaratecampana.org\/index.php?rest_route=%2Fwp%2Fv2%2Fcategories&post=8823"},{"taxonomy":"post_tag","embeddable":true,"href":"http:\/\/obispadodezaratecampana.org\/index.php?rest_route=%2Fwp%2Fv2%2Ftags&post=8823"}],"curies":[{"name":"wp","href":"https:\/\/api.w.org\/{rel}","templated":true}]}}