{"id":7813,"date":"2014-11-11T11:50:00","date_gmt":"2014-11-11T14:50:00","guid":{"rendered":"http:\/\/obispadodezaratecampana.org\/?p=7813"},"modified":"2014-11-11T11:50:00","modified_gmt":"2014-11-11T14:50:00","slug":"asamblea-plenaria-de-obispos-argentinos","status":"publish","type":"post","link":"http:\/\/obispadodezaratecampana.org\/?p=7813","title":{"rendered":"ASAMBLEA PLENARIA DE OBISPOS ARGENTINOS"},"content":{"rendered":"<p>Desde este lunes 10 y hasta el s\u00e1bado 15 de noviembre, tendr\u00e1 lugar en El Cen\u00e1culo &#8211; La Montonera (Pilar), la 108\u00ba Asamblea Plenaria de los Obispos de la Conferencia Episcopal Argentina.<br \/>\nSer\u00e1 presidida por el Arzobispo de Santa Fe y Presidente de la Conferencia Episcopal, Mons. Jos\u00e9 Mar\u00eda Arancedo. Participan en ella todos los Obispos del pa\u00eds.<\/p>\n<p>Temario:<\/p>\n<p>\u200b- <em>Intercambio pastoral<\/em><br \/>\n<em>\u200b- Elecci\u00f3n de autoridades e integrantes de comisiones y organismos de la CEA para el trienio 2014- 2017<\/em><br \/>\n<em>&#8211; Camino program\u00e1tico de la CEA a partir de la Exhortaci\u00f3n Apost\u00f3lica del Papa Francisco Evangelii Gaudium y el camino realizado en el marco de la Misi\u00f3n Continental.<\/em><br \/>\n<em>&#8211; S\u00ednodo Extraordinario de la Familia: informe, repercusiones y elecci\u00f3n de delegados al S\u00ednodo Ordinario 2015 ad referendum de la Secretar\u00eda General del S\u00ednodo.<\/em><br \/>\n<em>&#8211; Congreso Eucar\u00edstico Nacional 2016: preparativos y animaci\u00f3n en las di\u00f3cesis.<\/em><br \/>\n<em>&#8211; Temas de Pastoral Social.<\/em><\/p>\n<p><em>La Misa Inaugural de la Asamblea, fue presidida por Mons. Jos\u00e9 Mar\u00eda Arancedo, el lunes 10 por la tarde.\u00a0<\/em><\/p>\n<p>Fuente: CEA<\/p>\n<!-- AddThis Advanced Settings generic via filter on the_content --><!-- AddThis Share Buttons generic via filter on the_content -->","protected":false},"excerpt":{"rendered":"<p>Desde este lunes 10 y hasta el s\u00e1bado 15 de noviembre, tendr\u00e1 lugar en El Cen\u00e1culo &#8211; La Montonera (Pilar), la 108\u00ba Asamblea Plenaria de [&hellip;]<!-- AddThis Advanced Settings generic via filter on get_the_excerpt --><!-- AddThis Share Buttons generic via filter on get_the_excerpt --><\/p>\n","protected":false},"author":2,"featured_media":7814,"comment_status":"open","ping_status":"open","sticky":false,"template":"","format":"standard","meta":{"footnotes":""},"categories":[5],"tags":[],"class_list":["post-7813","post","type-post","status-publish","format-standard","has-post-thumbnail","hentry","category-generales"],"_links":{"self":[{"href":"http:\/\/obispadodezaratecampana.org\/index.php?rest_route=\/wp\/v2\/posts\/7813","targetHints":{"allow":["GET"]}}],"collection":[{"href":"http:\/\/obispadodezaratecampana.org\/index.php?rest_route=\/wp\/v2\/posts"}],"about":[{"href":"http:\/\/obispadodezaratecampana.org\/index.php?rest_route=\/wp\/v2\/types\/post"}],"author":[{"embeddable":true,"href":"http:\/\/obispadodezaratecampana.org\/index.php?rest_route=\/wp\/v2\/users\/2"}],"replies":[{"embeddable":true,"href":"http:\/\/obispadodezaratecampana.org\/index.php?rest_route=%2Fwp%2Fv2%2Fcomments&post=7813"}],"version-history":[{"count":1,"href":"http:\/\/obispadodezaratecampana.org\/index.php?rest_route=\/wp\/v2\/posts\/7813\/revisions"}],"predecessor-version":[{"id":7815,"href":"http:\/\/obispadodezaratecampana.org\/index.php?rest_route=\/wp\/v2\/posts\/7813\/revisions\/7815"}],"wp:featuredmedia":[{"embeddable":true,"href":"http:\/\/obispadodezaratecampana.org\/index.php?rest_route=\/wp\/v2\/media\/7814"}],"wp:attachment":[{"href":"http:\/\/obispadodezaratecampana.org\/index.php?rest_route=%2Fwp%2Fv2%2Fmedia&parent=7813"}],"wp:term":[{"taxonomy":"category","embeddable":true,"href":"http:\/\/obispadodezaratecampana.org\/index.php?rest_route=%2Fwp%2Fv2%2Fcategories&post=7813"},{"taxonomy":"post_tag","embeddable":true,"href":"http:\/\/obispadodezaratecampana.org\/index.php?rest_route=%2Fwp%2Fv2%2Ftags&post=7813"}],"curies":[{"name":"wp","href":"https:\/\/api.w.org\/{rel}","templated":true}]}}