{"id":3888,"date":"2013-12-09T18:49:47","date_gmt":"2013-12-09T21:49:47","guid":{"rendered":"http:\/\/obispadodezaratecampana.org\/?p=3888"},"modified":"2013-12-09T18:49:47","modified_gmt":"2013-12-09T21:49:47","slug":"mensaje-de-papa-francisco-para-una-sola-familia-humana-alimentos-para-todos","status":"publish","type":"post","link":"http:\/\/obispadodezaratecampana.org\/?p=3888","title":{"rendered":"Mensaje de Papa Francisco para Una Sola Familia Humana, Alimentos para todos"},"content":{"rendered":"<p>C\u00e1ritas Internacional lanza la primera campa\u00f1a mundial contra el hambre con un video mensaje grabado por el mismo Papa Francisco.<br \/>\n\u201cHoy estoy feliz de anunciarles la \u2018Campa\u00f1a contra el hambre en el mundo\u2019, lanzada por nuestra Caritas Internationalis y comunicarles que es mi intenci\u00f3n darle todo mi apoyo\u201d, expresa el Obispo de Roma, afirmando que la labor de esta instituci\u00f3n \u201ces el coraz\u00f3n de la misi\u00f3n de la Iglesia y su atenci\u00f3n hacia todos aquellos que sufren por ese esc\u00e1ndalo del hambre, con el que el Se\u00f1or se identific\u00f3 cuando dijo: \u2018Tuve hambre y me diste de comer\u2019.\u201dEl sucesor de Pedro explica que ante mil millones de personas que todav\u00eda sufren hambre hoy \u201cno podemos mirar a otra parte, fingiendo que el problema no exista. Los alimentos que hay a disposici\u00f3n hoy en el mundo bastar\u00edan para quitar el hambre a todos\u201d.<br \/>\nEl Vicario de Cristo invita a todas las instituciones del mundo, a toda la Iglesia y a cada unos de nosotros mismos, como una sola familia humana \u201ca dar voz a todas las personas que sufren silenciosamente el hambre, para que esta voz se convierta en un rugido capaz de sacudir al mundo\u201d, en el mismo mensaje que finaliza exhortando: \u201cRoguemos al Se\u00f1or para que nos conceda la gracia de ver un mundo en el que nadie deba morir de hambre\u201d.El Cardenal Rodr\u00edguez Maradiaga, presidente de la instituci\u00f3n, en una carta a los obispos responsables de Caritas en el mundo, anima a todas las personas y naciones a poner mayor atenci\u00f3n al hambre, evitando el despilfarro y desperdicio de alimentos, incrementando la utilizaci\u00f3n de la tierra para la producci\u00f3n de alimentos y apoyando a las mujeres agricultoras, entre otras cosas.<br \/>\nMichel Roy, secretario general de la instituci\u00f3n, afirma: \u201cEl hambre es una cat\u00e1strofe de magnitud mundial. M\u00e1s de 842 millones de personas ven esfumarse su salud, oportunidades y vida y a sus hijos sufrir por algo que no deber\u00eda existir nunca. Hay alimentos suficientes en el mundo para todos y para llevar una vida digna. Tenemos que unir nuestros esfuerzos para asegurar \u2018alimentos para todos\u2019. Juntos podemos lograrlo\u201d.Tras el lanzamiento, con el mensaje de Papa Francisco, la \u201cola de oraciones\u201d inicia a las 12 de la noche en la Isla de Samoa, en el Pac\u00edfico y contin\u00faa progresivamente en todos los continentes, con todas las organizaciones de Caritas y las personas de buena voluntad.<br \/>\njesuita Guillermo Ortiz- RV<\/p>\n<!-- AddThis Advanced Settings generic via filter on the_content --><!-- AddThis Share Buttons generic via filter on the_content -->","protected":false},"excerpt":{"rendered":"<p>C\u00e1ritas Internacional lanza la primera campa\u00f1a mundial contra el hambre con un video mensaje grabado por el mismo Papa Francisco. \u201cHoy estoy feliz de anunciarles [&hellip;]<!-- AddThis Advanced Settings generic via filter on get_the_excerpt --><!-- AddThis Share Buttons generic via filter on get_the_excerpt --><\/p>\n","protected":false},"author":1,"featured_media":0,"comment_status":"open","ping_status":"closed","sticky":false,"template":"","format":"standard","meta":{"footnotes":""},"categories":[8],"tags":[],"class_list":["post-3888","post","type-post","status-publish","format-standard","hentry","category-videos"],"_links":{"self":[{"href":"http:\/\/obispadodezaratecampana.org\/index.php?rest_route=\/wp\/v2\/posts\/3888","targetHints":{"allow":["GET"]}}],"collection":[{"href":"http:\/\/obispadodezaratecampana.org\/index.php?rest_route=\/wp\/v2\/posts"}],"about":[{"href":"http:\/\/obispadodezaratecampana.org\/index.php?rest_route=\/wp\/v2\/types\/post"}],"author":[{"embeddable":true,"href":"http:\/\/obispadodezaratecampana.org\/index.php?rest_route=\/wp\/v2\/users\/1"}],"replies":[{"embeddable":true,"href":"http:\/\/obispadodezaratecampana.org\/index.php?rest_route=%2Fwp%2Fv2%2Fcomments&post=3888"}],"version-history":[{"count":1,"href":"http:\/\/obispadodezaratecampana.org\/index.php?rest_route=\/wp\/v2\/posts\/3888\/revisions"}],"predecessor-version":[{"id":3889,"href":"http:\/\/obispadodezaratecampana.org\/index.php?rest_route=\/wp\/v2\/posts\/3888\/revisions\/3889"}],"wp:attachment":[{"href":"http:\/\/obispadodezaratecampana.org\/index.php?rest_route=%2Fwp%2Fv2%2Fmedia&parent=3888"}],"wp:term":[{"taxonomy":"category","embeddable":true,"href":"http:\/\/obispadodezaratecampana.org\/index.php?rest_route=%2Fwp%2Fv2%2Fcategories&post=3888"},{"taxonomy":"post_tag","embeddable":true,"href":"http:\/\/obispadodezaratecampana.org\/index.php?rest_route=%2Fwp%2Fv2%2Ftags&post=3888"}],"curies":[{"name":"wp","href":"https:\/\/api.w.org\/{rel}","templated":true}]}}