{"id":3859,"date":"2013-12-08T01:41:50","date_gmt":"2013-12-08T04:41:50","guid":{"rendered":"http:\/\/obispadodezaratecampana.org\/?p=3859"},"modified":"2013-12-08T02:31:01","modified_gmt":"2013-12-08T05:31:01","slug":"misa-y-adoracion-eucaristica-por-el-flagelo-de-las-drogas","status":"publish","type":"post","link":"http:\/\/obispadodezaratecampana.org\/?p=3859","title":{"rendered":"Misa y Adoraci\u00f3n Eucar\u00edstica por el flagelo de las drogas"},"content":{"rendered":"<p>En la v\u00edspera de la Jornada Nacional de ayuno y oraci\u00f3n por el drama de la droga, convocada por la Conferencia Episcopal Argentina para el s\u00e1bado 7 de diciembre, y con motivo de ella , se celebr\u00f3 una misa -presidida por el Vicario General de la di\u00f3cesis y cura p\u00e1rroco de la Catedral : Mons. Ariel Perez &#8211; el viernes 6 de diciembre por la tarde, en la Capilla Criptal (situada debajo de la Catedral Santa Florentina). Estuvo presente en ella ademas el Diacono Ricardo Dib.<br \/>\nCon posterioridad a esta celebraci\u00f3n lit\u00fargica, hubo Adoraci\u00f3n al Sant\u00edsimo hasta las 24:00 hs y confesiones. El Obispo Monse\u00f1or Oscar Sarlinga particip\u00f3 de la Adoraci\u00f3n con el resto de los fieles, compartiendo todos cantos, oraciones y reflexiones acerca del flagelo de las adicciones.<br \/>\nMonse\u00f1or Ariel Perez se refiri\u00f3 a los vac\u00edos existencias presentes en nuestra sociedad, exhortando a que los cristianos deben ser capaces de mostrar la Verdad del Se\u00f1or entre la confusi\u00f3n originada por la mentira (de la cual emergen los &#8220;Vac\u00edos existenciales&#8221;). Pidi\u00f3 luego muy especialmente por los j\u00f3venes droga dependientes.<\/p>\n<p><strong>Comunicados de los Obispos reunidos en la 166\u00b0 Comisi\u00f3n Permanente<\/strong><\/p>\n<p><em>Los Obispos reunidos en la Comisi\u00f3n Permanente queremos recordar a nuestros fieles y a todas las personas de buena voluntad el sentido e importancia de la Jornada de oraci\u00f3n y ayuno, que propusimos para este 7 de diciembre como gesto penitencial que acompa\u00f1e\u00a0 nuestra preocupaci\u00f3n expresada en la declaraci\u00f3n: \u201cEl drama de la droga y el narcotr\u00e1fico\u201d.<\/em><\/p>\n<div>\n<p><em>La gravedad del tema requiere una actitud definida de toda la comunidad. Todos estamos invitados a participar de esta Jornada y hacer de ella un silencioso y profundo clamor que exprese nuestra decisi\u00f3n de erradicar este flagelo, prevenir y acompa\u00f1ar a nuestros hermanos y familias que han sido sus v\u00edctimas, y rezar por la conversi\u00f3n de quienes lucran con la vida de nuestros j\u00f3venes.<\/em><\/p>\n<p><em>Ponemos esta intenci\u00f3n en las manos de nuestra Madre de Luj\u00e1n, Patrona de nuestra Patria.<\/em><\/p>\n<p>166\u00ba Comisi\u00f3n Permanente &#8211;\u00a0Buenos Aires, 3-4 de diciembre de 2013<\/p>\n<p>Fuente: Conferencia Episcopal Argentina &#8211; www.episcopado.org<\/p>\n<\/div>\n<!-- AddThis Advanced Settings generic via filter on the_content --><!-- AddThis Share Buttons generic via filter on the_content -->","protected":false},"excerpt":{"rendered":"<p>En la v\u00edspera de la Jornada Nacional de ayuno y oraci\u00f3n por el drama de la droga, convocada por la Conferencia Episcopal Argentina para el [&hellip;]<!-- AddThis Advanced Settings generic via filter on get_the_excerpt --><!-- AddThis Share Buttons generic via filter on get_the_excerpt --><\/p>\n","protected":false},"author":2,"featured_media":3860,"comment_status":"open","ping_status":"closed","sticky":false,"template":"","format":"standard","meta":{"footnotes":""},"categories":[1],"tags":[],"class_list":["post-3859","post","type-post","status-publish","format-standard","has-post-thumbnail","hentry","category-noticiasdiocesanas"],"_links":{"self":[{"href":"http:\/\/obispadodezaratecampana.org\/index.php?rest_route=\/wp\/v2\/posts\/3859","targetHints":{"allow":["GET"]}}],"collection":[{"href":"http:\/\/obispadodezaratecampana.org\/index.php?rest_route=\/wp\/v2\/posts"}],"about":[{"href":"http:\/\/obispadodezaratecampana.org\/index.php?rest_route=\/wp\/v2\/types\/post"}],"author":[{"embeddable":true,"href":"http:\/\/obispadodezaratecampana.org\/index.php?rest_route=\/wp\/v2\/users\/2"}],"replies":[{"embeddable":true,"href":"http:\/\/obispadodezaratecampana.org\/index.php?rest_route=%2Fwp%2Fv2%2Fcomments&post=3859"}],"version-history":[{"count":3,"href":"http:\/\/obispadodezaratecampana.org\/index.php?rest_route=\/wp\/v2\/posts\/3859\/revisions"}],"predecessor-version":[{"id":3882,"href":"http:\/\/obispadodezaratecampana.org\/index.php?rest_route=\/wp\/v2\/posts\/3859\/revisions\/3882"}],"wp:featuredmedia":[{"embeddable":true,"href":"http:\/\/obispadodezaratecampana.org\/index.php?rest_route=\/wp\/v2\/media\/3860"}],"wp:attachment":[{"href":"http:\/\/obispadodezaratecampana.org\/index.php?rest_route=%2Fwp%2Fv2%2Fmedia&parent=3859"}],"wp:term":[{"taxonomy":"category","embeddable":true,"href":"http:\/\/obispadodezaratecampana.org\/index.php?rest_route=%2Fwp%2Fv2%2Fcategories&post=3859"},{"taxonomy":"post_tag","embeddable":true,"href":"http:\/\/obispadodezaratecampana.org\/index.php?rest_route=%2Fwp%2Fv2%2Ftags&post=3859"}],"curies":[{"name":"wp","href":"https:\/\/api.w.org\/{rel}","templated":true}]}}