{"id":3851,"date":"2013-12-07T23:57:02","date_gmt":"2013-12-08T02:57:02","guid":{"rendered":"http:\/\/obispadodezaratecampana.org\/?p=3851"},"modified":"2013-12-08T00:08:13","modified_gmt":"2013-12-08T03:08:13","slug":"solemnidad-inmaculada-concepcion-pquia-ntra-sra-del-camre","status":"publish","type":"post","link":"http:\/\/obispadodezaratecampana.org\/?p=3851","title":{"rendered":"Solemnidad Inmaculada Concepci\u00f3n &#8211; Pquia. Ntra. Sra. del Carmen (Campana)"},"content":{"rendered":"<p><a href=\"http:\/\/obispadodezaratecampana.org\/wp-content\/uploads\/2013\/12\/segunda.jpg\"><img fetchpriority=\"high\" decoding=\"async\" class=\"aligncenter size-medium wp-image-3852\" alt=\"segunda\" src=\"http:\/\/obispadodezaratecampana.org\/wp-content\/uploads\/2013\/12\/segunda-300x226.jpg\" width=\"300\" height=\"226\" srcset=\"http:\/\/obispadodezaratecampana.org\/wp-content\/uploads\/2013\/12\/segunda-300x226.jpg 300w, http:\/\/obispadodezaratecampana.org\/wp-content\/uploads\/2013\/12\/segunda-1024x773.jpg 1024w, http:\/\/obispadodezaratecampana.org\/wp-content\/uploads\/2013\/12\/segunda.jpg 1215w\" sizes=\"(max-width: 300px) 100vw, 300px\" \/><\/a><br \/>\nInvitaci\u00f3n a toda la comunidad- en especial a los chicos que tomaron su Primera Comuni\u00f3n:en el Centro Parroquial, Capillas y Colegio Rogacionista Padre An\u00edbal- \u00a0a asistir a \u00a0las actividades previstas con motivo de la solemnidad de la Inmaculada Concepci\u00f3n el domingo 8 de diciembre.<\/p>\n<p>-19:15 hs Concentraci\u00f3n en el Colegio Padre An\u00edbal (calle Las Heras 965).<\/p>\n<p>-19:30 hs Procesi\u00f3n hacia el Templo Parroquial.<\/p>\n<p>-20: 00 hs Santa Misa &#8211; Segundas Comuniones solemnes en la\u00a0Pquia. Ntra. Sra. del Carmen (Campana).<\/p>\n<p><em>En caso de lluvia se encuentran todos directamente en el Templo Parroquial.<\/em><\/p>\n<!-- AddThis Advanced Settings generic via filter on the_content --><!-- AddThis Share Buttons generic via filter on the_content -->","protected":false},"excerpt":{"rendered":"<p>Invitaci\u00f3n a toda la comunidad- en especial a los chicos que tomaron su Primera Comuni\u00f3n:en el Centro Parroquial, Capillas y Colegio Rogacionista Padre An\u00edbal- \u00a0a [&hellip;]<!-- AddThis Advanced Settings generic via filter on get_the_excerpt --><!-- AddThis Share Buttons generic via filter on get_the_excerpt --><\/p>\n","protected":false},"author":2,"featured_media":3852,"comment_status":"open","ping_status":"closed","sticky":false,"template":"","format":"standard","meta":{"footnotes":""},"categories":[3],"tags":[],"class_list":["post-3851","post","type-post","status-publish","format-standard","has-post-thumbnail","hentry","category-noticiasparroquiales"],"_links":{"self":[{"href":"http:\/\/obispadodezaratecampana.org\/index.php?rest_route=\/wp\/v2\/posts\/3851","targetHints":{"allow":["GET"]}}],"collection":[{"href":"http:\/\/obispadodezaratecampana.org\/index.php?rest_route=\/wp\/v2\/posts"}],"about":[{"href":"http:\/\/obispadodezaratecampana.org\/index.php?rest_route=\/wp\/v2\/types\/post"}],"author":[{"embeddable":true,"href":"http:\/\/obispadodezaratecampana.org\/index.php?rest_route=\/wp\/v2\/users\/2"}],"replies":[{"embeddable":true,"href":"http:\/\/obispadodezaratecampana.org\/index.php?rest_route=%2Fwp%2Fv2%2Fcomments&post=3851"}],"version-history":[{"count":3,"href":"http:\/\/obispadodezaratecampana.org\/index.php?rest_route=\/wp\/v2\/posts\/3851\/revisions"}],"predecessor-version":[{"id":3856,"href":"http:\/\/obispadodezaratecampana.org\/index.php?rest_route=\/wp\/v2\/posts\/3851\/revisions\/3856"}],"wp:featuredmedia":[{"embeddable":true,"href":"http:\/\/obispadodezaratecampana.org\/index.php?rest_route=\/wp\/v2\/media\/3852"}],"wp:attachment":[{"href":"http:\/\/obispadodezaratecampana.org\/index.php?rest_route=%2Fwp%2Fv2%2Fmedia&parent=3851"}],"wp:term":[{"taxonomy":"category","embeddable":true,"href":"http:\/\/obispadodezaratecampana.org\/index.php?rest_route=%2Fwp%2Fv2%2Fcategories&post=3851"},{"taxonomy":"post_tag","embeddable":true,"href":"http:\/\/obispadodezaratecampana.org\/index.php?rest_route=%2Fwp%2Fv2%2Ftags&post=3851"}],"curies":[{"name":"wp","href":"https:\/\/api.w.org\/{rel}","templated":true}]}}