{"id":3843,"date":"2013-12-07T23:22:25","date_gmt":"2013-12-08T02:22:25","guid":{"rendered":"http:\/\/obispadodezaratecampana.org\/?p=3843"},"modified":"2013-12-07T23:22:25","modified_gmt":"2013-12-08T02:22:25","slug":"segundas-comuniones-en-capilla-san-alfonso-maria-ligorio-zarate","status":"publish","type":"post","link":"http:\/\/obispadodezaratecampana.org\/?p=3843","title":{"rendered":"Segundas comuniones en Capilla San Alfonso Maria Ligorio &#8211; Z\u00e1rate"},"content":{"rendered":"<p>El domingo 8 de diciembre, d\u00eda de la Inmaculada Concepci\u00f3n de la Virgen Mar\u00eda, los chicos que recibieron la primera Comuni\u00f3n en este 2013 en la Capilla San Alfonso Maria Ligorio (partido de Z\u00e1rate), recibir\u00e1n su segunda comuni\u00f3n en la Santa Misa de las 9:00 hs .<\/p>\n<p><strong>Las Primeras comuniones\u00a0<\/strong><\/p>\n<div id=\"album_header_pagelet\" data-referrer=\"album_header_pagelet\">\n<div>\n<div>Las fotos que compartimos en esta publicaci\u00f3n son de los ni\u00f1os y ni\u00f1as que este a\u00f1o tomaron su primera comuni\u00f3n, y el domingo 8 de diciembre, recibir\u00e1n la segunda comuni\u00f3n solemne a la cual hacemos referencia en esta noticia.<\/div>\n<div><\/div>\n<div><em>El domingo 17 de noviembre a las 10 de la ma\u00f1ana tuvieron lugar las Primeras Comuniones en nuestra Capilla.<\/em><\/div>\n<div><em>El Padre Bruno Rossi, presidi\u00f3 la celebraci\u00f3n. Reflexion\u00f3 durante la misma acerca del lema elegido por los chicos que tomaron la primera comuni\u00f3n y sus padres: &#8220;DEJEN QUE LOS NI\u00d1OS VENGAN A MI&#8221; (Cada a\u00f1o para las primeras comuniones, los grupos de catequesis elijen una frase del Evangelio como lema. Con la misma, se arma un cartel, que permanece colgado en el interior del templo, hasta que es reemplazado por un nuevo lema)<\/em><br \/>\n<em>El padre bendigo los recordatorios que se entregaron a las familias, y las estampitas de los ni\u00f1os y ni\u00f1as.<\/em><br \/>\n<em>Las catequistas que prepararon a los chicos para recibir los sacramentos son: Nilda y Debora; y quienes acompa\u00f1aron a sus padres Lucy y Margarita.<\/em><br \/>\n<em>Al finalizar liturgia, los chicos intercambiaron regalos entre ellos. Cada uno habia preparado un obsequio especialmente para otro de sus compa\u00f1eros.<\/em><\/div>\n<\/div>\n<div id=\"bulk_tag_selector_container\"><em>\u00a0<\/em><\/div>\n<\/div>\n<div id=\"album_pending_photos_pagelet\" data-referrer=\"album_pending_photos_pagelet\"><em>\u00a0<\/em><\/div>\n<div id=\"album_photos_pagelet\" data-referrer=\"album_photos_pagelet\"><em>\u00a0<\/em><\/div>\n<!-- AddThis Advanced Settings generic via filter on the_content --><!-- AddThis Share Buttons generic via filter on the_content -->","protected":false},"excerpt":{"rendered":"<p>El domingo 8 de diciembre, d\u00eda de la Inmaculada Concepci\u00f3n de la Virgen Mar\u00eda, los chicos que recibieron la primera Comuni\u00f3n en este 2013 en [&hellip;]<!-- AddThis Advanced Settings generic via filter on get_the_excerpt --><!-- AddThis Share Buttons generic via filter on get_the_excerpt --><\/p>\n","protected":false},"author":2,"featured_media":3848,"comment_status":"open","ping_status":"closed","sticky":false,"template":"","format":"standard","meta":{"footnotes":""},"categories":[3],"tags":[],"class_list":["post-3843","post","type-post","status-publish","format-standard","has-post-thumbnail","hentry","category-noticiasparroquiales"],"_links":{"self":[{"href":"http:\/\/obispadodezaratecampana.org\/index.php?rest_route=\/wp\/v2\/posts\/3843","targetHints":{"allow":["GET"]}}],"collection":[{"href":"http:\/\/obispadodezaratecampana.org\/index.php?rest_route=\/wp\/v2\/posts"}],"about":[{"href":"http:\/\/obispadodezaratecampana.org\/index.php?rest_route=\/wp\/v2\/types\/post"}],"author":[{"embeddable":true,"href":"http:\/\/obispadodezaratecampana.org\/index.php?rest_route=\/wp\/v2\/users\/2"}],"replies":[{"embeddable":true,"href":"http:\/\/obispadodezaratecampana.org\/index.php?rest_route=%2Fwp%2Fv2%2Fcomments&post=3843"}],"version-history":[{"count":1,"href":"http:\/\/obispadodezaratecampana.org\/index.php?rest_route=\/wp\/v2\/posts\/3843\/revisions"}],"predecessor-version":[{"id":3849,"href":"http:\/\/obispadodezaratecampana.org\/index.php?rest_route=\/wp\/v2\/posts\/3843\/revisions\/3849"}],"wp:featuredmedia":[{"embeddable":true,"href":"http:\/\/obispadodezaratecampana.org\/index.php?rest_route=\/wp\/v2\/media\/3848"}],"wp:attachment":[{"href":"http:\/\/obispadodezaratecampana.org\/index.php?rest_route=%2Fwp%2Fv2%2Fmedia&parent=3843"}],"wp:term":[{"taxonomy":"category","embeddable":true,"href":"http:\/\/obispadodezaratecampana.org\/index.php?rest_route=%2Fwp%2Fv2%2Fcategories&post=3843"},{"taxonomy":"post_tag","embeddable":true,"href":"http:\/\/obispadodezaratecampana.org\/index.php?rest_route=%2Fwp%2Fv2%2Ftags&post=3843"}],"curies":[{"name":"wp","href":"https:\/\/api.w.org\/{rel}","templated":true}]}}