{"id":3833,"date":"2013-12-07T22:22:56","date_gmt":"2013-12-08T01:22:56","guid":{"rendered":"http:\/\/obispadodezaratecampana.org\/?p=3833"},"modified":"2013-12-07T22:22:56","modified_gmt":"2013-12-08T01:22:56","slug":"domingo-8-de-diciembreinmaculada-concepcion-en-maquinista-savio","status":"publish","type":"post","link":"http:\/\/obispadodezaratecampana.org\/?p=3833","title":{"rendered":"Domingo 8 de diciembre:Inmaculada Concepci\u00f3n en Maquinista Savio"},"content":{"rendered":"<p>Este domingo 8 de diciembre se realiza la &#8220;misi\u00f3n paraguaya&#8221; en Maquinista Savio y el \u00e1rea de la pastoral para los paraguayos y sus descendientes en nuestra di\u00f3cesis.<\/p>\n<p>La misa de las 10:00 hs \u00a0y de &#8220;cierre de la misi\u00f3n&#8221; ser\u00e1 presidida por nuestro Obispo Oscar Sarlinga, en la iglesia de la Inmaculada Concepci\u00f3n (de Maquinista Savio).<\/p>\n<!-- AddThis Advanced Settings generic via filter on the_content --><!-- AddThis Share Buttons generic via filter on the_content -->","protected":false},"excerpt":{"rendered":"<p>Este domingo 8 de diciembre se realiza la &#8220;misi\u00f3n paraguaya&#8221; en Maquinista Savio y el \u00e1rea de la pastoral para los paraguayos y sus descendientes [&hellip;]<!-- AddThis Advanced Settings generic via filter on get_the_excerpt --><!-- AddThis Share Buttons generic via filter on get_the_excerpt --><\/p>\n","protected":false},"author":2,"featured_media":3835,"comment_status":"open","ping_status":"closed","sticky":false,"template":"","format":"standard","meta":{"footnotes":""},"categories":[3],"tags":[],"class_list":["post-3833","post","type-post","status-publish","format-standard","has-post-thumbnail","hentry","category-noticiasparroquiales"],"_links":{"self":[{"href":"http:\/\/obispadodezaratecampana.org\/index.php?rest_route=\/wp\/v2\/posts\/3833","targetHints":{"allow":["GET"]}}],"collection":[{"href":"http:\/\/obispadodezaratecampana.org\/index.php?rest_route=\/wp\/v2\/posts"}],"about":[{"href":"http:\/\/obispadodezaratecampana.org\/index.php?rest_route=\/wp\/v2\/types\/post"}],"author":[{"embeddable":true,"href":"http:\/\/obispadodezaratecampana.org\/index.php?rest_route=\/wp\/v2\/users\/2"}],"replies":[{"embeddable":true,"href":"http:\/\/obispadodezaratecampana.org\/index.php?rest_route=%2Fwp%2Fv2%2Fcomments&post=3833"}],"version-history":[{"count":1,"href":"http:\/\/obispadodezaratecampana.org\/index.php?rest_route=\/wp\/v2\/posts\/3833\/revisions"}],"predecessor-version":[{"id":3837,"href":"http:\/\/obispadodezaratecampana.org\/index.php?rest_route=\/wp\/v2\/posts\/3833\/revisions\/3837"}],"wp:featuredmedia":[{"embeddable":true,"href":"http:\/\/obispadodezaratecampana.org\/index.php?rest_route=\/wp\/v2\/media\/3835"}],"wp:attachment":[{"href":"http:\/\/obispadodezaratecampana.org\/index.php?rest_route=%2Fwp%2Fv2%2Fmedia&parent=3833"}],"wp:term":[{"taxonomy":"category","embeddable":true,"href":"http:\/\/obispadodezaratecampana.org\/index.php?rest_route=%2Fwp%2Fv2%2Fcategories&post=3833"},{"taxonomy":"post_tag","embeddable":true,"href":"http:\/\/obispadodezaratecampana.org\/index.php?rest_route=%2Fwp%2Fv2%2Ftags&post=3833"}],"curies":[{"name":"wp","href":"https:\/\/api.w.org\/{rel}","templated":true}]}}