{"id":3828,"date":"2013-12-07T21:32:28","date_gmt":"2013-12-08T00:32:28","guid":{"rendered":"http:\/\/obispadodezaratecampana.org\/?p=3828"},"modified":"2013-12-08T01:56:09","modified_gmt":"2013-12-08T04:56:09","slug":"actividades-del-6-7-y-8-de-diciembre-en-nuestra-diocesis","status":"publish","type":"post","link":"http:\/\/obispadodezaratecampana.org\/?p=3828","title":{"rendered":"Actividades del 6, 7 y 8 de diciembre en nuestra di\u00f3cesis de Z\u00e1rate &#8211; Campana"},"content":{"rendered":"<p>En este bendito fin de semana, donde celebramos la Fiesta de la Inmaculada Concepci\u00f3n de la Virgen (domingo 8 de diciembre) en nuestra di\u00f3cesis de Z\u00e1rate &#8211; Campana:<br \/>\n&#8211; Innumerables ni\u00f1os y ni\u00f1as reciben sus Segundas Comuniones.<br \/>\n&#8211; Se realizan diferentes actividades y celebraciones con motivo de la Jornada Nacional de ayuno y oraci\u00f3n &#8211; s\u00e1bado 7 de diciembre\u00a0(y desde su v\u00edspera el viernes 6)- contra el drama de las drogas .<br \/>\n&#8211; En cada una de las comunidades se festeja a Mar\u00eda Inmaculada.<br \/>\n&#8211; Hay eventos y preparativos diversos para la Navidad en capillas y parroquias.<br \/>\n&#8211; Nuestro Querido Obispo Monse\u00f1or Oscar Sarlinga esta acompa\u00f1ando a su reba\u00f1o participando en diversos eventos (a los que hemos referido en nuestras publicaciones).<br \/>\n&#8211; Damos gracias especialmente al Se\u00f1or por el nuevo pastor que ha sido ordenado : Francisco Liaudat.<br \/>\nJes\u00fas nos dice : &#8220;Como Yo los he amado, as\u00ed tambi\u00e9n \u00e1mense los unos a los otros. Por el amor que se tengan los unos a los otros reconocer\u00e1n todos que son disc\u00edpulos m\u00edos.&#8221;<br \/>\nJuan 13, 34-35. Que el amor y la fe de nuestros corazones en estos d\u00edas, sean raz\u00f3n para que muchos mas puedan creer.<\/p>\n<p>Fuentes de esta publicaci\u00f3n (donde pueden conocer mas acerca de lo mencionado y ver ademas fotos) : perfil del facebook del Obispado de Z\u00e1rate &#8211; Campana:\u00a0<a href=\"https:\/\/www.facebook.com\/obispadozc\">https:\/\/www.facebook.com\/obispadozc<\/a>\u00a0y perfil del Obispo en facebook :\u00a0<a href=\"https:\/\/www.facebook.com\/monsoscardsarlinga\">https:\/\/www.facebook.com\/monsoscardsarlinga<\/a>\u00a0y publicaciones en esta misma p\u00e1gina web: www.obispadodezaratecampana.org<\/p>\n<p>&nbsp;<\/p>\n<!-- AddThis Advanced Settings generic via filter on the_content --><!-- AddThis Share Buttons generic via filter on the_content -->","protected":false},"excerpt":{"rendered":"<p>En este bendito fin de semana, donde celebramos la Fiesta de la Inmaculada Concepci\u00f3n de la Virgen (domingo 8 de diciembre) en nuestra di\u00f3cesis de [&hellip;]<!-- AddThis Advanced Settings generic via filter on get_the_excerpt --><!-- AddThis Share Buttons generic via filter on get_the_excerpt --><\/p>\n","protected":false},"author":2,"featured_media":3829,"comment_status":"open","ping_status":"closed","sticky":false,"template":"","format":"standard","meta":{"footnotes":""},"categories":[1],"tags":[],"class_list":["post-3828","post","type-post","status-publish","format-standard","has-post-thumbnail","hentry","category-noticiasdiocesanas"],"_links":{"self":[{"href":"http:\/\/obispadodezaratecampana.org\/index.php?rest_route=\/wp\/v2\/posts\/3828","targetHints":{"allow":["GET"]}}],"collection":[{"href":"http:\/\/obispadodezaratecampana.org\/index.php?rest_route=\/wp\/v2\/posts"}],"about":[{"href":"http:\/\/obispadodezaratecampana.org\/index.php?rest_route=\/wp\/v2\/types\/post"}],"author":[{"embeddable":true,"href":"http:\/\/obispadodezaratecampana.org\/index.php?rest_route=\/wp\/v2\/users\/2"}],"replies":[{"embeddable":true,"href":"http:\/\/obispadodezaratecampana.org\/index.php?rest_route=%2Fwp%2Fv2%2Fcomments&post=3828"}],"version-history":[{"count":5,"href":"http:\/\/obispadodezaratecampana.org\/index.php?rest_route=\/wp\/v2\/posts\/3828\/revisions"}],"predecessor-version":[{"id":3840,"href":"http:\/\/obispadodezaratecampana.org\/index.php?rest_route=\/wp\/v2\/posts\/3828\/revisions\/3840"}],"wp:featuredmedia":[{"embeddable":true,"href":"http:\/\/obispadodezaratecampana.org\/index.php?rest_route=\/wp\/v2\/media\/3829"}],"wp:attachment":[{"href":"http:\/\/obispadodezaratecampana.org\/index.php?rest_route=%2Fwp%2Fv2%2Fmedia&parent=3828"}],"wp:term":[{"taxonomy":"category","embeddable":true,"href":"http:\/\/obispadodezaratecampana.org\/index.php?rest_route=%2Fwp%2Fv2%2Fcategories&post=3828"},{"taxonomy":"post_tag","embeddable":true,"href":"http:\/\/obispadodezaratecampana.org\/index.php?rest_route=%2Fwp%2Fv2%2Ftags&post=3828"}],"curies":[{"name":"wp","href":"https:\/\/api.w.org\/{rel}","templated":true}]}}