{"id":3820,"date":"2013-12-07T19:38:45","date_gmt":"2013-12-07T22:38:45","guid":{"rendered":"http:\/\/obispadodezaratecampana.org\/?p=3820"},"modified":"2013-12-08T02:45:43","modified_gmt":"2013-12-08T05:45:43","slug":"fiesta-inmaculada-concepcion-de-maria-catedral-santa-florentina-campana","status":"publish","type":"post","link":"http:\/\/obispadodezaratecampana.org\/?p=3820","title":{"rendered":"Fiesta de la Inmaculada Concepci\u00f3n de Mar\u00eda &#8211; Catedral Santa Florentina (Campana)"},"content":{"rendered":"<p>El domingo 8 de diciembre en la Catedral Santa Florentina habr\u00e1 misa precedida por procesi\u00f3n a las 19:00 hs . Esta celebraci\u00f3n sera presidida por nuestro Obispo. Durante la Santa Misa los ni\u00f1os recibir\u00e1n la Segunda Comuni\u00f3n Solemne y \u00a0se transmitir\u00e1 ademas la Luz de la Paz de Bel\u00e9n. \u00a0Al finalizar esta, habr\u00e1 bendici\u00f3n de embarazadas.<\/p>\n<p>La peregrinaci\u00f3n n\u00e1utica a la Isla saldr\u00e1 a las 9:00 hs del puerto, siendo la misa a las 11:00 hs.<\/p>\n<p>Por la ma\u00f1ana, a las 8:00 y 11:00 hs tambi\u00e9n habr\u00e1 misa. La de 11:00 hs ser\u00e1 en acci\u00f3n de gracias por el 17 \u00b0 de la FM Santa Mar\u00eda (vease tambi\u00e9n esta publicaci\u00f3n: \u00a0<a href=\"http:\/\/obispadodezaratecampana.org\/?p=3788\">http:\/\/obispadodezaratecampana.org\/?p=3788<\/a>).<\/p>\n<!-- AddThis Advanced Settings generic via filter on the_content --><!-- AddThis Share Buttons generic via filter on the_content -->","protected":false},"excerpt":{"rendered":"<p>El domingo 8 de diciembre en la Catedral Santa Florentina habr\u00e1 misa precedida por procesi\u00f3n a las 19:00 hs . Esta celebraci\u00f3n sera presidida por [&hellip;]<!-- AddThis Advanced Settings generic via filter on get_the_excerpt --><!-- AddThis Share Buttons generic via filter on get_the_excerpt --><\/p>\n","protected":false},"author":2,"featured_media":3822,"comment_status":"open","ping_status":"closed","sticky":false,"template":"","format":"standard","meta":{"footnotes":""},"categories":[3],"tags":[],"class_list":["post-3820","post","type-post","status-publish","format-standard","has-post-thumbnail","hentry","category-noticiasparroquiales"],"_links":{"self":[{"href":"http:\/\/obispadodezaratecampana.org\/index.php?rest_route=\/wp\/v2\/posts\/3820","targetHints":{"allow":["GET"]}}],"collection":[{"href":"http:\/\/obispadodezaratecampana.org\/index.php?rest_route=\/wp\/v2\/posts"}],"about":[{"href":"http:\/\/obispadodezaratecampana.org\/index.php?rest_route=\/wp\/v2\/types\/post"}],"author":[{"embeddable":true,"href":"http:\/\/obispadodezaratecampana.org\/index.php?rest_route=\/wp\/v2\/users\/2"}],"replies":[{"embeddable":true,"href":"http:\/\/obispadodezaratecampana.org\/index.php?rest_route=%2Fwp%2Fv2%2Fcomments&post=3820"}],"version-history":[{"count":3,"href":"http:\/\/obispadodezaratecampana.org\/index.php?rest_route=\/wp\/v2\/posts\/3820\/revisions"}],"predecessor-version":[{"id":3886,"href":"http:\/\/obispadodezaratecampana.org\/index.php?rest_route=\/wp\/v2\/posts\/3820\/revisions\/3886"}],"wp:featuredmedia":[{"embeddable":true,"href":"http:\/\/obispadodezaratecampana.org\/index.php?rest_route=\/wp\/v2\/media\/3822"}],"wp:attachment":[{"href":"http:\/\/obispadodezaratecampana.org\/index.php?rest_route=%2Fwp%2Fv2%2Fmedia&parent=3820"}],"wp:term":[{"taxonomy":"category","embeddable":true,"href":"http:\/\/obispadodezaratecampana.org\/index.php?rest_route=%2Fwp%2Fv2%2Fcategories&post=3820"},{"taxonomy":"post_tag","embeddable":true,"href":"http:\/\/obispadodezaratecampana.org\/index.php?rest_route=%2Fwp%2Fv2%2Ftags&post=3820"}],"curies":[{"name":"wp","href":"https:\/\/api.w.org\/{rel}","templated":true}]}}