{"id":3810,"date":"2013-12-07T17:47:12","date_gmt":"2013-12-07T20:47:12","guid":{"rendered":"http:\/\/obispadodezaratecampana.org\/?p=3810"},"modified":"2013-12-07T17:47:12","modified_gmt":"2013-12-07T20:47:12","slug":"fiesta-inmaculada-concepcion-parroquia-ntra-sra-del-carmen-zarate","status":"publish","type":"post","link":"http:\/\/obispadodezaratecampana.org\/?p=3810","title":{"rendered":"Fiesta Inmaculada Concepci\u00f3n: Parroquia Ntra. Sra. del Carmen &#8211; Z\u00e1rate"},"content":{"rendered":"<p>En la parroquia Ntra. Sra. del Carmen (partido de Z\u00e1rate) estan todos invitados a participar de estas actividades:<\/p>\n<p>&#8211; El s\u00e1bado 7 de diciembre a las\u00a020:30 hs : se realizar\u00e1 la Vigilia por la Inmaculada Concepci\u00f3n. Actuar\u00e1n varios grupos musicales. Habr\u00e1 buffet a beneficio de C\u00e1ritas.<br \/>\n&#8211; Domingo 8 de diciembre a las 19:30 hs :\u00a0Procesi\u00f3n y Misa con las segundas comuniones solemnes.<\/p>\n<p>La cuenta perfil de facebook de esta parroquia es:\u00a0<a href=\"https:\/\/www.facebook.com\/parroquia.zarate?fref=ts\">https:\/\/www.facebook.com\/parroquia.zarate?fref=ts<\/a><\/p>\n<p>&nbsp;<\/p>\n<!-- AddThis Advanced Settings generic via filter on the_content --><!-- AddThis Share Buttons generic via filter on the_content -->","protected":false},"excerpt":{"rendered":"<p>En la parroquia Ntra. Sra. del Carmen (partido de Z\u00e1rate) estan todos invitados a participar de estas actividades: &#8211; El s\u00e1bado 7 de diciembre a [&hellip;]<!-- AddThis Advanced Settings generic via filter on get_the_excerpt --><!-- AddThis Share Buttons generic via filter on get_the_excerpt --><\/p>\n","protected":false},"author":2,"featured_media":3811,"comment_status":"open","ping_status":"closed","sticky":false,"template":"","format":"standard","meta":{"footnotes":""},"categories":[3],"tags":[],"class_list":["post-3810","post","type-post","status-publish","format-standard","has-post-thumbnail","hentry","category-noticiasparroquiales"],"_links":{"self":[{"href":"http:\/\/obispadodezaratecampana.org\/index.php?rest_route=\/wp\/v2\/posts\/3810","targetHints":{"allow":["GET"]}}],"collection":[{"href":"http:\/\/obispadodezaratecampana.org\/index.php?rest_route=\/wp\/v2\/posts"}],"about":[{"href":"http:\/\/obispadodezaratecampana.org\/index.php?rest_route=\/wp\/v2\/types\/post"}],"author":[{"embeddable":true,"href":"http:\/\/obispadodezaratecampana.org\/index.php?rest_route=\/wp\/v2\/users\/2"}],"replies":[{"embeddable":true,"href":"http:\/\/obispadodezaratecampana.org\/index.php?rest_route=%2Fwp%2Fv2%2Fcomments&post=3810"}],"version-history":[{"count":1,"href":"http:\/\/obispadodezaratecampana.org\/index.php?rest_route=\/wp\/v2\/posts\/3810\/revisions"}],"predecessor-version":[{"id":3813,"href":"http:\/\/obispadodezaratecampana.org\/index.php?rest_route=\/wp\/v2\/posts\/3810\/revisions\/3813"}],"wp:featuredmedia":[{"embeddable":true,"href":"http:\/\/obispadodezaratecampana.org\/index.php?rest_route=\/wp\/v2\/media\/3811"}],"wp:attachment":[{"href":"http:\/\/obispadodezaratecampana.org\/index.php?rest_route=%2Fwp%2Fv2%2Fmedia&parent=3810"}],"wp:term":[{"taxonomy":"category","embeddable":true,"href":"http:\/\/obispadodezaratecampana.org\/index.php?rest_route=%2Fwp%2Fv2%2Fcategories&post=3810"},{"taxonomy":"post_tag","embeddable":true,"href":"http:\/\/obispadodezaratecampana.org\/index.php?rest_route=%2Fwp%2Fv2%2Ftags&post=3810"}],"curies":[{"name":"wp","href":"https:\/\/api.w.org\/{rel}","templated":true}]}}