{"id":3803,"date":"2013-12-06T15:42:44","date_gmt":"2013-12-06T18:42:44","guid":{"rendered":"http:\/\/obispadodezaratecampana.org\/?p=3803"},"modified":"2013-12-11T17:43:54","modified_gmt":"2013-12-11T20:43:54","slug":"lunes-16-de-diciembre-v-peregrinacion-de-piedad-ecumenica-a-lujan","status":"publish","type":"post","link":"http:\/\/obispadodezaratecampana.org\/?p=3803","title":{"rendered":"Lunes 16 de diciembre: V Peregrinaci\u00f3n de Piedad Ecum\u00e9nica a Luj\u00e1n"},"content":{"rendered":"<p>En una publicaci\u00f3n nuestra del mes de agosto, les adelant\u00e1bamos el d\u00eda y horario en que se realizar\u00eda la V Peregrinaci\u00f3n de Piedad Ecum\u00e9nica a Lujan (Vease \u00a0\u00a0<a href=\"http:\/\/obispadodezaratecampana.org\/?p=2607\">http:\/\/obispadodezaratecampana.org\/?p=2607<\/a>)<\/p>\n<p>Ya muy pr\u00f3ximos a este evento, quer\u00edamos recordar que estan todos invitados a participar. Es el lunes 16 de diciembre a las 15:30 hs en la Cripta (cuyo ingreso se encuentra del lado derecho de la Bas\u00edlica).<\/p>\n<p>Al respecto de esto, les compartimos palabras del Pbro. Daniel Villa Calvo -quien\u00a0declarar\u00e1 durante esta peregrinaci\u00f3n entronizado el \u00edcono de San Magnus m\u00e1rtir, como memorial del A\u00f1o de la Fe que ha finalizado, habiendo sido el testigo fiel hasta derramar su sangre en las tierras escandinavas. El \u00edcono fue bendecido por nuestro obispo diocesano Monse\u00f1or Oscar Sarlinga y este acto cuenta con la adhesi\u00f3n del obispo de Aberdeen, lugar del martirio del joven pr\u00edncipe, Monse\u00f1or Hugh Gilbert (benedictino)- :<\/p>\n<p>(fuente: su cuenta perfil de facebook \u00a0\u00a0<a href=\"https:\/\/www.facebook.com\/nestordaniel.villacalvo\">https:\/\/www.facebook.com\/nestordaniel.villacalvo<\/a>)<\/p>\n<p><em>&#8220;El Adviento y la Navidad, son\u00a0quiz\u00e1s, o sin duda alguna, el entramado\u00a0lit\u00fargico\u00a0mejor\u00a0logrado en nuestro rito latino, sea por la progresi\u00f3n\u00a0dram\u00e1tica\u00a0de los textos\u00a0prof\u00e9ticos\u00a0y\u00a0evang\u00e9licos, por un\u00a0&lt;crescendo&gt;\u00a0desde\u00a0todo el\u00a0g\u00e9nero\u00a0humano en\u00a0b\u00fasqueda\u00a0de\u00a0redenci\u00f3n\u00a0y\u00a0liberaci\u00f3n\u00a0hasta resolver, pasando por los profetas, el Bautista, Jose y\u00a0Mar\u00eca\u00a0Sant\u00edsima\u00a0en el Portal de\u00a0Bel\u00e9n, con los\u00a0Angeles\u00a0proclamando la gloria de la\u00a0Encarnaci\u00f3n\u00a0y Nacimiento.\u00a0Nuestra\u00a0Peregrinaci\u00f3n\u00a0de Piedad\u00a0Ecum\u00e9nica, la Quinta este a\u00f1o, se realiza\u00a0en la\u00a0novena\u00a0lit\u00fargica\u00a0previa a la misma Natividad, este a\u00f1o en la\u00a0v\u00edspera\u00a0del primer\u00a0d\u00eda\u00a0de dicha novena. Preparemos nuestro\u00a0coraz\u00f3n\u00a0con\u00a0animo\u00a0de\u00a0peregrinos, de\u00a0transe\u00fante\u00a0en esta tierra donde El le da sentido a todo, y su\u00a0Bendita Madre nos lo presenta en sus rodillas para depositarlo en el\u00a0Bel\u00e9n\u00a0de nuestras almas. En las\u00a0im\u00e1genes\u00a0un antiguo retablo\u00a0g\u00f3tico\u00a0de\u00a0los\u00a0profetas\u00a0Isaias y\u00a0Jerem\u00edas\u00a0<\/em>(que aparecen arriba de estos p\u00e1rrafos), <em>y el recordatorio de la\u00a0pr\u00f3xima\u00a0peregrinaci\u00f3n, que es\u00a0diocesana, no de tal o cual movimiento.&#8221;<\/em><\/p>\n<p>En esta Peregrinaci\u00f3n de Piedad Ecum\u00e9nica se rezaran los Misterios de Gozo del Rosario, cada misterio en las Capillas de Antioqu\u00eda, Nicaragua, Paraguay, Brasil y de Nuestra Se\u00f1ora de Loreto terminando en la Capilla Sueca con el Credo, la Salve y el himno sueco (en castellano) \u201cMuchos resplandores\u201d.<\/p>\n<p>Finalmente se celebrar\u00e1 la Misa en la Capilla Argentina de la misma Cripta.<\/p>\n<p>&nbsp;<\/p>\n<p>Programa completo con las actividades previstas<\/p>\n<p>V PEREGRINACION DIOCESANA DE PIEDAD ECUMENICA- ZARATE CAMPANA A LA BASILICA DE NUESTRA SE\u00d1ORA DE LUJAN<br \/>\n16 de diciembre de 2013 \u2014 15:30 horas<\/p>\n<p>INICIO:<br \/>\nCAPILLA SUECA Y ESCANDINAVA. \u201cHoy, en las v\u00edsperas de la novena prenavide\u00f1a, nos congregamos por quinta vez, fieles cat\u00f3licos de Zarate-Campana, en esta Peregrinaci\u00f3n de Piedad Ecum\u00e9nica, con un elenco de gratitud por un nuevo a\u00f1o y de s\u00faplica por la paz en las regiones en graves conflictos, emergencias clim\u00e1ticas y persecuci\u00f3n religiosa..<br \/>\na) Concluimos hace tres semanas el A\u00d1O DE LA FE fortaleciendo nuestros deseos de unidad entre todos los cristianos, y la concordia con toda la familia humana.<br \/>\nb) Agradecemos por el d\u00e9cimo aniversario de la entronizaci\u00f3n de Nuestra Se\u00f1ora Reina de Palestina, Patrona del Di\u00f3cesis Latina de Jerusal\u00e9n, en la legaci\u00f3n diplom\u00e1tica de la Autonom\u00eda Palestina de Buenos Aires en el contexto de un acto interreligioso.<br \/>\nc) Vamos a meditar los misterios gozosos de la Encarnaci\u00f3n y Divina Infancia, previa proclamaci\u00f3n y breve reflexi\u00f3n sobre la Anunciaci\u00f3n a San Jos\u00e9. Cantamos el \u00c1ngelus (El Angel vino de los Cielos).<br \/>\nLuego del canto y la lectura, el P. N\u00e9stor, declarar\u00e1 entronizado \u00edcono de San Magnus m\u00e1rtir, como memorial de este a\u00f1o concluido y testigo fiel hasta derramar su sangre en las tierras escandinavas. El \u00edcono fue bendecido por el obispo diocesano de Z\u00e1rate-Campana: Monse\u00f1or Oscar Sarlinga y este acto cuenta con la adhesi\u00f3n del obispo de Aberdeen, lugar del martirio del joven pr\u00edncipe, Monse\u00f1or Hugh Gilbert (benedictino).<br \/>\n1\u00b0. Misterio. La Anunciaci\u00f3n a Mar\u00eda y la Encarnaci\u00f3n del Verbo en las entra\u00f1as pur\u00edsimas de la Virgen Mar\u00eda. CAPILLA DE ANTIOQU\u00ccA. Oramos por la paz en Siria, y la reconciliaci\u00f3n de ese pa\u00eds. La libertad religiosa en Siria, Irak e Ir\u00e1n, por la concordia en la Tierra Santa, y en todo lugar de conflicto civil o persecuci\u00f3n religiosa. Padre Nuestro en arameo, Ave Mar\u00eda en espa\u00f1ol.<br \/>\n2\u00b0. Misterio: La Visitaci\u00f3n de Santa Mar\u00eda a Santa Isabel- CAPILLA DE NICARAGUA. Celebrando los 450 a\u00f1os de la radicaci\u00f3n de la imagen de la Pur\u00edsima en el pa\u00eds hermano, procedente del cari\u00f1o fraternal de Santa Teresa de Jes\u00fas, a su hermano venido a estas tierras. Vamos a orar especialmente por los pa\u00edses de Iberoam\u00e9rica y de la Hispanidad. Por la paz y el desarrollo de sus pueblos, por el pueblo nicarag\u00fcense, y por los afectados por tif\u00f3n en las hermanas islas Filipinas. Por la exclusi\u00f3n social y el drama de los migrantes e itinerantes. .Padre Nuestro en Lat\u00edn, y Ave Mar\u00eda en Castellano.<br \/>\n3\u00b0. Misterio. La Natividad de Nuestro Se\u00f1or Jesucristo. CAPILLA PARAGUAYA. Oramos por la unidad de los pueblos del Plata, por la vigencia de la libertad religiosa aqu\u00ed y en todo el mundo, de la cual Paraguay es un claro ejemplo, solo comparable a Polonia, de constituir una naci\u00f3n cat\u00f3lica con amplia libertad religiosa para todos los credos, en toda su historia, a\u00fan en los momentos m\u00e1s dif\u00edciles. Padre Nuestro en Guarani, y Ave Mar\u00eda en espa\u00f1ol.<br \/>\n4\u00b0. CAPILLA BRASILE\u00d1A: Oramos por todos los pa\u00edses de lengua portuguesa, por su desarrollo, por su prosperidad y vigencia de los derechos humanos y la libertad religiosa, y para que Timor Oriental sea un vinculo vivo de testimonio evang\u00e9lico y puente entre las culturas budistas e isl\u00e1micas del Lejano Oriente. Padre Nuestro en portugu\u00e9s. Ave Mar\u00eda en espa\u00f1ol.<br \/>\n5\u00b0. CAPILLA DE NTRA. SRA DE LORETO: La Santa Casa donde el Verbo se encarn\u00f3. En simetr\u00eda con la capilla antioquena, recordando a la Sagrada Familia de Jes\u00fas, Mar\u00eda y Jos\u00e9, vamos a orar particularmente por la estabilizaci\u00f3n de Egipto, donde la Sagrada Familia se refugiara de Herodes. Por la plena libertad religiosa para cristianos de todas las tradiciones, y todos los credos, como pidiera el patriarca copto Tawadros , por la paz y concordia entre las diversas culturas y religiones, y para que a trav\u00e9s de las virtudes dom\u00e9sticas de Jesus, Maria y Jos\u00e9, el universo entero se transforme en un acogedor Nazaret. Unidos espiritualmente a los monasterios y fieles coptos del Alto Egipto quienes nos acompa\u00f1an con su oraci\u00f3n: Padre Nuestro en Griego- Ave Mar\u00eda en italiano y espa\u00f1ol.<br \/>\nVolvemos a la Capilla Sueca donde proclamaremos nuestra fe, y cantaremos el Salve Regina, para concluir con el lucernario esperando la Navidad, entonando el himno sueco Muchos resplandores.<\/p>\n<p>SANTA MISA EN LA CAPILLA ARGENTINA DE LA MISMA CRIPTA- Preside P. Fernando Giannetti, Delegado para Ecumenismo y Di\u00e1logo Interreligioso de la Arquidi\u00f3cesis de Buenos Aires y Consejero del Pontificio Consejo para el Dialogo Interreligioso. Participa el Di\u00e1cono permanente Rub\u00e9n Azar de la Iglesia Siriana Ortodoxa de Antioquia.<\/p>\n<p>Adhieren espiritualmente los monasterios copto ortodoxos del Alto Egipto, la comunidad Bahai en Argentina, desde sus lugares a las 16 horas con un momento de silencio y oraci\u00f3n.<\/p>\n<p>&nbsp;<\/p>\n<!-- AddThis Advanced Settings generic via filter on the_content --><!-- AddThis Share Buttons generic via filter on the_content -->","protected":false},"excerpt":{"rendered":"<p>En una publicaci\u00f3n nuestra del mes de agosto, les adelant\u00e1bamos el d\u00eda y horario en que se realizar\u00eda la V Peregrinaci\u00f3n de Piedad Ecum\u00e9nica a [&hellip;]<!-- AddThis Advanced Settings generic via filter on get_the_excerpt --><!-- AddThis Share Buttons generic via filter on get_the_excerpt --><\/p>\n","protected":false},"author":2,"featured_media":3804,"comment_status":"open","ping_status":"closed","sticky":false,"template":"","format":"standard","meta":{"footnotes":""},"categories":[1],"tags":[],"class_list":["post-3803","post","type-post","status-publish","format-standard","has-post-thumbnail","hentry","category-noticiasdiocesanas"],"_links":{"self":[{"href":"http:\/\/obispadodezaratecampana.org\/index.php?rest_route=\/wp\/v2\/posts\/3803","targetHints":{"allow":["GET"]}}],"collection":[{"href":"http:\/\/obispadodezaratecampana.org\/index.php?rest_route=\/wp\/v2\/posts"}],"about":[{"href":"http:\/\/obispadodezaratecampana.org\/index.php?rest_route=\/wp\/v2\/types\/post"}],"author":[{"embeddable":true,"href":"http:\/\/obispadodezaratecampana.org\/index.php?rest_route=\/wp\/v2\/users\/2"}],"replies":[{"embeddable":true,"href":"http:\/\/obispadodezaratecampana.org\/index.php?rest_route=%2Fwp%2Fv2%2Fcomments&post=3803"}],"version-history":[{"count":5,"href":"http:\/\/obispadodezaratecampana.org\/index.php?rest_route=\/wp\/v2\/posts\/3803\/revisions"}],"predecessor-version":[{"id":3857,"href":"http:\/\/obispadodezaratecampana.org\/index.php?rest_route=\/wp\/v2\/posts\/3803\/revisions\/3857"}],"wp:featuredmedia":[{"embeddable":true,"href":"http:\/\/obispadodezaratecampana.org\/index.php?rest_route=\/wp\/v2\/media\/3804"}],"wp:attachment":[{"href":"http:\/\/obispadodezaratecampana.org\/index.php?rest_route=%2Fwp%2Fv2%2Fmedia&parent=3803"}],"wp:term":[{"taxonomy":"category","embeddable":true,"href":"http:\/\/obispadodezaratecampana.org\/index.php?rest_route=%2Fwp%2Fv2%2Fcategories&post=3803"},{"taxonomy":"post_tag","embeddable":true,"href":"http:\/\/obispadodezaratecampana.org\/index.php?rest_route=%2Fwp%2Fv2%2Ftags&post=3803"}],"curies":[{"name":"wp","href":"https:\/\/api.w.org\/{rel}","templated":true}]}}