{"id":3788,"date":"2013-12-06T13:28:14","date_gmt":"2013-12-06T16:28:14","guid":{"rendered":"http:\/\/obispadodezaratecampana.org\/?p=3788"},"modified":"2013-12-06T13:56:40","modified_gmt":"2013-12-06T16:56:40","slug":"fm-santa-maria-91-3-17-aniversario-el-8-de-diciembre","status":"publish","type":"post","link":"http:\/\/obispadodezaratecampana.org\/?p=3788","title":{"rendered":"FM Santa Maria 91.3 : 17\u00b0 Aniversario el 8 de diciembre"},"content":{"rendered":"<p><a href=\"http:\/\/obispadodezaratecampana.org\/wp-content\/uploads\/2013\/12\/radio.jpg\"><img fetchpriority=\"high\" decoding=\"async\" class=\"aligncenter size-medium wp-image-3789\" alt=\"radio\" src=\"http:\/\/obispadodezaratecampana.org\/wp-content\/uploads\/2013\/12\/radio-300x212.jpg\" width=\"300\" height=\"212\" srcset=\"http:\/\/obispadodezaratecampana.org\/wp-content\/uploads\/2013\/12\/radio-300x212.jpg 300w, http:\/\/obispadodezaratecampana.org\/wp-content\/uploads\/2013\/12\/radio-1024x723.jpg 1024w, http:\/\/obispadodezaratecampana.org\/wp-content\/uploads\/2013\/12\/radio.jpg 1754w\" sizes=\"(max-width: 300px) 100vw, 300px\" \/><\/a><\/p>\n<p>&nbsp;<\/p>\n<p>El domingo 8 de diciembre a las 11:00 hs \u00a0se realizar\u00e1 la misa de Acci\u00f3n de Gracias por un nuevo aniversario de la radio Santa Mar\u00eda 91.3 (esta situada en la Av Varela -ex-Rivadavia- \u00a0N\u00b0 409 , partido de Campana)<\/p>\n<p>La celebraci\u00f3n lit\u00fargica tendr\u00e1 lugar en la Catedral Santa Florentina y est\u00e1n todos invitados a participar.<\/p>\n<p>El enlace en facebook de la radio FM Santa Maria es <a href=\"https:\/\/www.facebook.com\/fmsanta.maria.3?fref=ts\">https:\/\/www.facebook.com\/fmsanta.maria.3?fref=ts<\/a><\/p>\n<p>&nbsp;<\/p>\n<!-- AddThis Advanced Settings generic via filter on the_content --><!-- AddThis Share Buttons generic via filter on the_content -->","protected":false},"excerpt":{"rendered":"<p>&nbsp; El domingo 8 de diciembre a las 11:00 hs \u00a0se realizar\u00e1 la misa de Acci\u00f3n de Gracias por un nuevo aniversario de la radio [&hellip;]<!-- AddThis Advanced Settings generic via filter on get_the_excerpt --><!-- AddThis Share Buttons generic via filter on get_the_excerpt --><\/p>\n","protected":false},"author":2,"featured_media":3790,"comment_status":"open","ping_status":"closed","sticky":false,"template":"","format":"standard","meta":{"footnotes":""},"categories":[5],"tags":[],"class_list":["post-3788","post","type-post","status-publish","format-standard","has-post-thumbnail","hentry","category-generales"],"_links":{"self":[{"href":"http:\/\/obispadodezaratecampana.org\/index.php?rest_route=\/wp\/v2\/posts\/3788","targetHints":{"allow":["GET"]}}],"collection":[{"href":"http:\/\/obispadodezaratecampana.org\/index.php?rest_route=\/wp\/v2\/posts"}],"about":[{"href":"http:\/\/obispadodezaratecampana.org\/index.php?rest_route=\/wp\/v2\/types\/post"}],"author":[{"embeddable":true,"href":"http:\/\/obispadodezaratecampana.org\/index.php?rest_route=\/wp\/v2\/users\/2"}],"replies":[{"embeddable":true,"href":"http:\/\/obispadodezaratecampana.org\/index.php?rest_route=%2Fwp%2Fv2%2Fcomments&post=3788"}],"version-history":[{"count":3,"href":"http:\/\/obispadodezaratecampana.org\/index.php?rest_route=\/wp\/v2\/posts\/3788\/revisions"}],"predecessor-version":[{"id":3794,"href":"http:\/\/obispadodezaratecampana.org\/index.php?rest_route=\/wp\/v2\/posts\/3788\/revisions\/3794"}],"wp:featuredmedia":[{"embeddable":true,"href":"http:\/\/obispadodezaratecampana.org\/index.php?rest_route=\/wp\/v2\/media\/3790"}],"wp:attachment":[{"href":"http:\/\/obispadodezaratecampana.org\/index.php?rest_route=%2Fwp%2Fv2%2Fmedia&parent=3788"}],"wp:term":[{"taxonomy":"category","embeddable":true,"href":"http:\/\/obispadodezaratecampana.org\/index.php?rest_route=%2Fwp%2Fv2%2Fcategories&post=3788"},{"taxonomy":"post_tag","embeddable":true,"href":"http:\/\/obispadodezaratecampana.org\/index.php?rest_route=%2Fwp%2Fv2%2Ftags&post=3788"}],"curies":[{"name":"wp","href":"https:\/\/api.w.org\/{rel}","templated":true}]}}