{"id":2406,"date":"2013-08-14T23:56:26","date_gmt":"2013-08-15T02:56:26","guid":{"rendered":"http:\/\/obispadodezaratecampana.org\/?p=2406"},"modified":"2013-08-14T23:56:26","modified_gmt":"2013-08-15T02:56:26","slug":"encuentro-de-diaconos-permanentes","status":"publish","type":"post","link":"http:\/\/obispadodezaratecampana.org\/?p=2406","title":{"rendered":"Encuentro de Di\u00e1conos permanentes"},"content":{"rendered":"<p>El 10 de agosto hubo encuentro de di\u00e1conos permanentes en el Seminario &#8220;San Pedro y San Pablo&#8221; de Campana.<\/p>\n<p>En la di\u00f3cesis de Z\u00e1rate-Campana existen 17 di\u00e1conos permanentes.<\/p>\n<p>En el encuentro el d\u00eda de San Lorenzo (di\u00e1cono y m\u00e1rtir), estuvieron presentes 8 de ellos. Particip\u00f3 tambi\u00e9n el Di\u00e1c. Francisco Liaudat, en camino al sacerdocio.<\/p>\n<p>El Obispo Mons. Oscar Sarlinga se hizo presente para unas palabras introductorias y conversar con los asistentes. Tambi\u00e9n Mons. Santiago Herrera, y Mons. Ariel P\u00e9rez, vicario general asistieron.<\/p>\n<p>El Obispo oriento en el trabajo de revisi\u00f3n del Plan Pastoral, en vista a la ya anunciada renovaci\u00f3n.<\/p>\n<p>El Pbro. Fernando Crevatin, director espiritual adjunto del Seminario Diocesano \u00a0y director espiritual principal de la Escuela de Ministerios, presidi\u00f3 la Eucarist\u00eda en acci\u00f3n de gracias y en memoria del di\u00e1cono San Lorenzo.<\/p>\n<p><em>\u00a1Muchas gracias por el apostolado en bien de la Iglesia y de la sociedad!.<\/em><\/p>\n<!-- AddThis Advanced Settings generic via filter on the_content --><!-- AddThis Share Buttons generic via filter on the_content -->","protected":false},"excerpt":{"rendered":"<p>El 10 de agosto hubo encuentro de di\u00e1conos permanentes en el Seminario &#8220;San Pedro y San Pablo&#8221; de Campana. En la di\u00f3cesis de Z\u00e1rate-Campana existen [&hellip;]<!-- AddThis Advanced Settings generic via filter on get_the_excerpt --><!-- AddThis Share Buttons generic via filter on get_the_excerpt --><\/p>\n","protected":false},"author":2,"featured_media":2407,"comment_status":"open","ping_status":"open","sticky":false,"template":"","format":"standard","meta":{"footnotes":""},"categories":[5],"tags":[],"class_list":["post-2406","post","type-post","status-publish","format-standard","has-post-thumbnail","hentry","category-generales"],"_links":{"self":[{"href":"http:\/\/obispadodezaratecampana.org\/index.php?rest_route=\/wp\/v2\/posts\/2406","targetHints":{"allow":["GET"]}}],"collection":[{"href":"http:\/\/obispadodezaratecampana.org\/index.php?rest_route=\/wp\/v2\/posts"}],"about":[{"href":"http:\/\/obispadodezaratecampana.org\/index.php?rest_route=\/wp\/v2\/types\/post"}],"author":[{"embeddable":true,"href":"http:\/\/obispadodezaratecampana.org\/index.php?rest_route=\/wp\/v2\/users\/2"}],"replies":[{"embeddable":true,"href":"http:\/\/obispadodezaratecampana.org\/index.php?rest_route=%2Fwp%2Fv2%2Fcomments&post=2406"}],"version-history":[{"count":3,"href":"http:\/\/obispadodezaratecampana.org\/index.php?rest_route=\/wp\/v2\/posts\/2406\/revisions"}],"predecessor-version":[{"id":2410,"href":"http:\/\/obispadodezaratecampana.org\/index.php?rest_route=\/wp\/v2\/posts\/2406\/revisions\/2410"}],"wp:featuredmedia":[{"embeddable":true,"href":"http:\/\/obispadodezaratecampana.org\/index.php?rest_route=\/wp\/v2\/media\/2407"}],"wp:attachment":[{"href":"http:\/\/obispadodezaratecampana.org\/index.php?rest_route=%2Fwp%2Fv2%2Fmedia&parent=2406"}],"wp:term":[{"taxonomy":"category","embeddable":true,"href":"http:\/\/obispadodezaratecampana.org\/index.php?rest_route=%2Fwp%2Fv2%2Fcategories&post=2406"},{"taxonomy":"post_tag","embeddable":true,"href":"http:\/\/obispadodezaratecampana.org\/index.php?rest_route=%2Fwp%2Fv2%2Ftags&post=2406"}],"curies":[{"name":"wp","href":"https:\/\/api.w.org\/{rel}","templated":true}]}}