{"id":2391,"date":"2013-08-14T23:17:23","date_gmt":"2013-08-15T02:17:23","guid":{"rendered":"http:\/\/obispadodezaratecampana.org\/?p=2391"},"modified":"2013-08-17T13:57:10","modified_gmt":"2013-08-17T16:57:10","slug":"visitas-pastorales-del-obispo-el-sabado-17-de-agosto","status":"publish","type":"post","link":"http:\/\/obispadodezaratecampana.org\/?p=2391","title":{"rendered":"Visitas pastorales del Obispo el s\u00e1bado 17 de agosto"},"content":{"rendered":"<p>El pr\u00f3ximo s\u00e1bado 17, prosiguiendo con sus visitas pastorales a los centros barriales (habiendo estado ya en gran parte de los ubicados en Z\u00e1rate, Campana y Escobar), nuestro Obispo, Mons. Oscar , visitar\u00e1 la Capilla y Centro barrial de &#8220;San Roque&#8221;, en Bel\u00e9n de Escobar.<\/p>\n<p>Un mes atr\u00e1s, \u00a0ya hab\u00eda estado con los grupos de Catequesis y la Caritas de este lugar. En esta ocasi\u00f3n, asistir\u00e1 para la procesi\u00f3n, que comenzar\u00e1 a las 16 hs, y luego se celebrar\u00e1 \u00a0la \u00a0Santa Misa en honor del Santo patrono, San Roque.<\/p>\n<p>Durante la misma tarde, pero a las 19:00hs , el Obispo entronizar\u00e1\u00a0la imagen de San Josemar\u00eda Escriv\u00e1 de Balaguer y reentronizar\u00e1 una de San Pio de Pietrelcina\u00a0en la parroquia San Manuel Martir (en la Lonja, Pilar)\u00a0 .<\/p>\n<!-- AddThis Advanced Settings generic via filter on the_content --><!-- AddThis Share Buttons generic via filter on the_content -->","protected":false},"excerpt":{"rendered":"<p>El pr\u00f3ximo s\u00e1bado 17, prosiguiendo con sus visitas pastorales a los centros barriales (habiendo estado ya en gran parte de los ubicados en Z\u00e1rate, Campana [&hellip;]<!-- AddThis Advanced Settings generic via filter on get_the_excerpt --><!-- AddThis Share Buttons generic via filter on get_the_excerpt --><\/p>\n","protected":false},"author":2,"featured_media":2403,"comment_status":"open","ping_status":"open","sticky":false,"template":"","format":"standard","meta":{"footnotes":""},"categories":[3],"tags":[],"class_list":["post-2391","post","type-post","status-publish","format-standard","has-post-thumbnail","hentry","category-noticiasparroquiales"],"_links":{"self":[{"href":"http:\/\/obispadodezaratecampana.org\/index.php?rest_route=\/wp\/v2\/posts\/2391","targetHints":{"allow":["GET"]}}],"collection":[{"href":"http:\/\/obispadodezaratecampana.org\/index.php?rest_route=\/wp\/v2\/posts"}],"about":[{"href":"http:\/\/obispadodezaratecampana.org\/index.php?rest_route=\/wp\/v2\/types\/post"}],"author":[{"embeddable":true,"href":"http:\/\/obispadodezaratecampana.org\/index.php?rest_route=\/wp\/v2\/users\/2"}],"replies":[{"embeddable":true,"href":"http:\/\/obispadodezaratecampana.org\/index.php?rest_route=%2Fwp%2Fv2%2Fcomments&post=2391"}],"version-history":[{"count":6,"href":"http:\/\/obispadodezaratecampana.org\/index.php?rest_route=\/wp\/v2\/posts\/2391\/revisions"}],"predecessor-version":[{"id":2447,"href":"http:\/\/obispadodezaratecampana.org\/index.php?rest_route=\/wp\/v2\/posts\/2391\/revisions\/2447"}],"wp:featuredmedia":[{"embeddable":true,"href":"http:\/\/obispadodezaratecampana.org\/index.php?rest_route=\/wp\/v2\/media\/2403"}],"wp:attachment":[{"href":"http:\/\/obispadodezaratecampana.org\/index.php?rest_route=%2Fwp%2Fv2%2Fmedia&parent=2391"}],"wp:term":[{"taxonomy":"category","embeddable":true,"href":"http:\/\/obispadodezaratecampana.org\/index.php?rest_route=%2Fwp%2Fv2%2Fcategories&post=2391"},{"taxonomy":"post_tag","embeddable":true,"href":"http:\/\/obispadodezaratecampana.org\/index.php?rest_route=%2Fwp%2Fv2%2Ftags&post=2391"}],"curies":[{"name":"wp","href":"https:\/\/api.w.org\/{rel}","templated":true}]}}