{"id":10734,"date":"2015-10-27T23:31:20","date_gmt":"2015-10-28T02:31:20","guid":{"rendered":"http:\/\/obispadodezaratecampana.org\/?p=10734"},"modified":"2015-10-27T23:31:20","modified_gmt":"2015-10-28T02:31:20","slug":"domingo-29-de-noviembre-jornada-de-evangelizacion-rcc","status":"publish","type":"post","link":"http:\/\/obispadodezaratecampana.org\/?p=10734","title":{"rendered":"Domingo 29 de noviembre: Jornada de Evangelizaci\u00f3n &#8211; RCC"},"content":{"rendered":"<p><span style=\"color: #008000;\">El domingo 29 de noviembre el movimiento de la Renovaci\u00f3n Carism\u00e1tica Cat\u00f3lica &#8211; RCC- invita a la comunidad diocesana a participar de una jornada de Evangelizaci\u00f3n. La misma iniciar\u00e1 a las 13 hs en el colegio Verbo Divino, del Partido de Pilar. A las 15 hs ser\u00e1 la misa presidida por nuestro Obispo Oscar.<\/span><\/p>\n<p><span style=\"color: #008000;\">Los organizadores del evento recomiendan : llevar bebidas y comida &#8211; aunque habr\u00e1 servicio de buffet &#8211; y \u00a0llegar temprano o en su defecto asistir con sus propias sillas (para no tener que estar de pie durante horas).<\/span><\/p>\n<p><span style=\"color: #008000;\">Luego ampliaremos con mas detalles.\u00a0<\/span><\/p>\n<p><img fetchpriority=\"high\" decoding=\"async\" class=\" wp-image-10735 aligncenter\" src=\"http:\/\/obispadodezaratecampana.org\/wp-content\/uploads\/2015\/10\/oscar-300x300.jpg\" alt=\"oscar\" width=\"522\" height=\"473\" \/><\/p>\n<!-- AddThis Advanced Settings generic via filter on the_content --><!-- AddThis Share Buttons generic via filter on the_content -->","protected":false},"excerpt":{"rendered":"<p>El domingo 29 de noviembre el movimiento de la Renovaci\u00f3n Carism\u00e1tica Cat\u00f3lica &#8211; RCC- invita a la comunidad diocesana a participar de una jornada de [&hellip;]<!-- AddThis Advanced Settings generic via filter on get_the_excerpt --><!-- AddThis Share Buttons generic via filter on get_the_excerpt --><\/p>\n","protected":false},"author":2,"featured_media":10735,"comment_status":"open","ping_status":"open","sticky":false,"template":"","format":"standard","meta":{"footnotes":""},"categories":[1],"tags":[],"class_list":["post-10734","post","type-post","status-publish","format-standard","has-post-thumbnail","hentry","category-noticiasdiocesanas"],"_links":{"self":[{"href":"http:\/\/obispadodezaratecampana.org\/index.php?rest_route=\/wp\/v2\/posts\/10734","targetHints":{"allow":["GET"]}}],"collection":[{"href":"http:\/\/obispadodezaratecampana.org\/index.php?rest_route=\/wp\/v2\/posts"}],"about":[{"href":"http:\/\/obispadodezaratecampana.org\/index.php?rest_route=\/wp\/v2\/types\/post"}],"author":[{"embeddable":true,"href":"http:\/\/obispadodezaratecampana.org\/index.php?rest_route=\/wp\/v2\/users\/2"}],"replies":[{"embeddable":true,"href":"http:\/\/obispadodezaratecampana.org\/index.php?rest_route=%2Fwp%2Fv2%2Fcomments&post=10734"}],"version-history":[{"count":1,"href":"http:\/\/obispadodezaratecampana.org\/index.php?rest_route=\/wp\/v2\/posts\/10734\/revisions"}],"predecessor-version":[{"id":10736,"href":"http:\/\/obispadodezaratecampana.org\/index.php?rest_route=\/wp\/v2\/posts\/10734\/revisions\/10736"}],"wp:featuredmedia":[{"embeddable":true,"href":"http:\/\/obispadodezaratecampana.org\/index.php?rest_route=\/wp\/v2\/media\/10735"}],"wp:attachment":[{"href":"http:\/\/obispadodezaratecampana.org\/index.php?rest_route=%2Fwp%2Fv2%2Fmedia&parent=10734"}],"wp:term":[{"taxonomy":"category","embeddable":true,"href":"http:\/\/obispadodezaratecampana.org\/index.php?rest_route=%2Fwp%2Fv2%2Fcategories&post=10734"},{"taxonomy":"post_tag","embeddable":true,"href":"http:\/\/obispadodezaratecampana.org\/index.php?rest_route=%2Fwp%2Fv2%2Ftags&post=10734"}],"curies":[{"name":"wp","href":"https:\/\/api.w.org\/{rel}","templated":true}]}}