{"id":10727,"date":"2015-10-27T21:22:48","date_gmt":"2015-10-28T00:22:48","guid":{"rendered":"http:\/\/obispadodezaratecampana.org\/?p=10727"},"modified":"2015-10-29T23:21:51","modified_gmt":"2015-10-30T02:21:51","slug":"domingo-8-de-noviembre-dia-nacional-del-enfermo","status":"publish","type":"post","link":"http:\/\/obispadodezaratecampana.org\/?p=10727","title":{"rendered":"Domingo 8 de noviembre: DIA NACIONAL DEL ENFERMO"},"content":{"rendered":"<p><span style=\"color: #993300;\"><em>El domingo 8 de noviembre: <strong>DIA NACIONAL DEL ENFERMO<\/strong>, se celebrar\u00e1 la Santa Misa por los ENFERMOS y el SACRAMENTO DE LA UNCION DE LOS ENFERMOS en la CATEDRAL SANTA FLORENTINA a las 16: 00 hs.\u00a0<\/em><em>Est\u00e1n todos invitados a participar de esta celebraci\u00f3n en la ciudad de Campana.\u00a0<\/em><\/span><\/p>\n<p><span style=\"color: #993300;\"><strong>Pastoral de la Salud en nuestra di\u00f3cesis de Z\u00e1rate-Campana<\/strong><\/span><\/p>\n<p><span style=\"color: #993300;\">La imagen que aqu\u00ed adjuntamos es el logo oficial de la PASTORAL DE LA SALUD en nuestra di\u00f3cesis:<\/span><\/p>\n<p><img fetchpriority=\"high\" decoding=\"async\" class=\" wp-image-10729 aligncenter\" src=\"http:\/\/obispadodezaratecampana.org\/wp-content\/uploads\/2015\/10\/logoimagen-300x229.jpg\" alt=\"logoimagen\" width=\"332\" height=\"254\" srcset=\"http:\/\/obispadodezaratecampana.org\/wp-content\/uploads\/2015\/10\/logoimagen-300x229.jpg 300w, http:\/\/obispadodezaratecampana.org\/wp-content\/uploads\/2015\/10\/logoimagen-1024x783.jpg 1024w, http:\/\/obispadodezaratecampana.org\/wp-content\/uploads\/2015\/10\/logoimagen.jpg 1229w\" sizes=\"(max-width: 332px) 100vw, 332px\" \/><\/p>\n<p style=\"text-align: left;\"><span style=\"color: #993300;\"><em>Para los que deseen conocer de que se trata este servicio a nuestros hermanos , los invitamos a contactarse con \u00a0el Delegado Diocesano: <strong>Di\u00e1cono Permanente Pedro Bruno<\/strong> . <\/em><\/span><\/p>\n<p style=\"text-align: left;\"><span style=\"color: #993300;\"><em>\u00a0El correo electr\u00f3nico es : <strong>pastoralsaludzaratecampana@gmail.com<\/strong><\/em><\/span><\/p>\n<p style=\"text-align: left;\"><span style=\"color: #993300;\">A continuaci\u00f3n podr\u00e1n leer la carta completa de la Comisi\u00f3n Episcopal para la Pastoral de la Salud &#8211; de la cual nuestro Obispo Oscar forma parte- alusiva a la Jornada Nacional del Enfermo de este a\u00f1o 2015:\u00a0<\/span><\/p>\n<p style=\"text-align: center;\"><span style=\"color: #993300;\"><em><strong>CONFERENCIA EPISCOPAL ARGENTINA<\/strong><\/em><\/span><\/p>\n<p style=\"text-align: center;\"><span style=\"color: #993300;\"><b><i>COMISI\u00d3N<\/i><\/b><em><strong>\u00a0EPISCOPAL PARA LA PASTORAL DE LA SALUD<\/strong><\/em><\/span><\/p>\n<p style=\"text-align: center;\"><span style=\"color: #993300;\"><b><i>D\u00cdA<\/i><\/b><em><strong>\u00a0NACIONAL DEL ENFERMO &#8211; DOMINGO 8 DE NOVIEMBRE\u00a0<\/strong><\/em><\/span><\/p>\n<p style=\"text-align: center;\"><span style=\"color: #993300;\"><strong><em>CARTA PASTORAL A LAS COMUNIDADES<\/em><\/strong><\/span><\/p>\n<p style=\"text-align: center;\"><span style=\"color: #993300;\"><em><strong>&#8220;Ponele coraz\u00f3n, am\u00e1 a los enfermos&#8221;\u00a0<\/strong><\/em><\/span><\/p>\n<p><span style=\"color: #993300;\">Queridos hermanos: El Papa Francisco nos pide este a\u00f1o, en su mensaje para la XXIII Jornada Mundial del Enfermo, que vivamos en la perspectiva de la <strong>sapientia cordis,<\/strong> la sabidur\u00eda del coraz\u00f3n. Hemos querido, como Comisi\u00f3n Episcopal, dejar que un mismo tema nos una para celebrar el D\u00eda Nacional del Enfermo, para que, trabajando en nuestras comunidades, podamos recuperar la mirada hacia los que sufren con actitud contemplativa. Esta sabidur\u00eda no es un conocimiento te\u00f3rico, abstracto, fruto de razonamientos, sino una actitud infundida por el Esp\u00edritu Santo en la mente y en el coraz\u00f3n de quien sabe abrirse al sufrimiento de los hermanos y reconoce en ellos la imagen de Dios.<\/span><br \/>\n<span style=\"color: #993300;\"><strong>Sabidur\u00eda del coraz\u00f3n es servir al hermano.<\/strong> Cu\u00e1ntos cristianos dan testimonio tambi\u00e9n hoy, no con las palabras, sino con su vida radicada en una fe genuina, estando junto a los enfermos que tienen necesidad de una asistencia continuada, de una ayuda para lavarse, para vestirse, para alimentarse. Este servicio , especialmente cuando se prolonga en el tiempo, se puede volver fatigoso y pesado. Es relativamente f\u00e1cil servir por algunos d\u00edas, pero es dif\u00edcil cuidar de una persona durante meses o incluso durante a\u00f1os, incluso cuando ella ya no es capaz de agradecer. Y, sin embargo, es un gran camino de santificaci\u00f3n. En estas circunstancias, \u00a1 qu\u00e9 importante que es la familia!, y \u00a1cu\u00e1n dif\u00edcil es a veces tener un ser querido enfermo!. Los familiares tambi\u00e9n necesitan de la cercan\u00eda del Se\u00f1or, y del apoyo especial de la Iglesia. <\/span><br \/>\n<span style=\"color: #993300;\"><strong>Sabidur\u00eda del coraz\u00f3n es estar con el hermano.<\/strong> En este a\u00f1o de la Vida Consagrada, c\u00f3mo no resaltar y agradecer los testimonios de entrega de tantos consagradas y consagrados que, a lo largo de la historia, han donado su vida y , junto a los enfermos y sufrientes, siguen siendo imagen de Jesus. Como no reconocer ese generoso acompa\u00f1amiento, tantas veces silencioso y no lo suficientemente valorado, para confortar y consolar con cercan\u00eda y amor. Hombres y mujeres, profetas del Reino en el mundo de la salud, testigos de la fe y la caridad, que anuncian con su entrega cotidiana: \u201cYo estoy en el medio de ustedes como el que sirve\u201d (Lc 22, 27)<\/span><br \/>\n<span style=\"color: #993300;\"><strong>Sabidur\u00eda del coraz\u00f3n es salir de s\u00ed hacia el hermano.<\/strong> A veces nuestro mundo olvida el valor especial del tiempo empleado junto a la cama del enfermo, nos olvidamos de la dimensi\u00f3n de la gratuidad, del ocuparse, desconociendo aquella palabra del Se\u00f1or, que dice: \u201cA m\u00ed me lo hicisteis\u201d (Mt 25, 40)<\/span><br \/>\n<span style=\"color: #993300;\"><strong>Sabidur\u00eda del coraz\u00f3n es ser solidarios con el hermano sin juzgarlo.<\/strong> La caridad tiene necesidad de tiempo para curar a los enfermos, para visitarles, para estar junto a ellos, como hicieron los amigos de Job: \u201cLuego se sentaron en el suelo junto a \u00e9l, durante siete d\u00edas y siete noches. Y ninguno le dijo una palabra, porque ve\u00edan que el dolor era muy grande. (Jb 2, 13). La caridad verdadera, es participaci\u00f3n que no juzga. La experiencia de Job encuentra su respuesta autentica solo en la Cruz de Jesus, acto supremo de solidaridad de Dios con nosotros, totalmente gratuito, totalmente misericordioso. Y esta respuesta de amor al drama del dolor humano, especialmente del dolor inocente, permanece para siempre impregnada en el Cuerpo de Cristo resucitado, en sus llagas gloriosos, que son esc\u00e1ndalo para la fe pero tambi\u00e9n son verificaci\u00f3n de la fe (Cf. Homil\u00eda con ocasi\u00f3n de la canonizaci\u00f3n de Juan XXIII y Juan Pablo II, 27 de abril de 2014)<\/span><\/p>\n<p><span style=\"color: #993300;\">Mar\u00eda, Sede de la Sabidur\u00eda, intercede, como Madre nuestra por todos los enfermos y los que se ocupan de ellos. Haz que en el servicio al pr\u00f3jimo que sufre y a trav\u00e9s de la misma experiencia del dolor, podamos acoger y hacer crecer en nosotros la verdadera sabidur\u00eda del coraz\u00f3n.<\/span><\/p>\n<p style=\"text-align: center;\"><span style=\"color: #993300;\">+ Mons. Alberto G. Bochatey, O. S. A. (Presidente)<\/span><br \/>\n<span style=\"color: #993300;\">+ Mons. Ricardo Faifer + Mons. Oscar Sarlinga + Mons. Luis Urbanc<\/span><\/p>\n<p style=\"text-align: center;\">\n<p style=\"text-align: center;\"><a href=\"http:\/\/obispadodezaratecampana.org\/wp-content\/uploads\/2015\/10\/enfermos.jpg\"><img decoding=\"async\" class=\"alignnone  wp-image-10761\" src=\"http:\/\/obispadodezaratecampana.org\/wp-content\/uploads\/2015\/10\/enfermos-300x212.jpg\" alt=\"enfermos\" width=\"535\" height=\"379\" srcset=\"http:\/\/obispadodezaratecampana.org\/wp-content\/uploads\/2015\/10\/enfermos-300x212.jpg 300w, http:\/\/obispadodezaratecampana.org\/wp-content\/uploads\/2015\/10\/enfermos.jpg 900w\" sizes=\"(max-width: 535px) 100vw, 535px\" \/><\/a><\/p>\n<p>&nbsp;<\/p>\n<!-- AddThis Advanced Settings generic via filter on the_content --><!-- AddThis Share Buttons generic via filter on the_content -->","protected":false},"excerpt":{"rendered":"<p>El domingo 8 de noviembre: DIA NACIONAL DEL ENFERMO, se celebrar\u00e1 la Santa Misa por los ENFERMOS y el SACRAMENTO DE LA UNCION DE LOS [&hellip;]<!-- AddThis Advanced Settings generic via filter on get_the_excerpt --><!-- AddThis Share Buttons generic via filter on get_the_excerpt --><\/p>\n","protected":false},"author":2,"featured_media":10729,"comment_status":"open","ping_status":"open","sticky":false,"template":"","format":"standard","meta":{"footnotes":""},"categories":[1],"tags":[],"class_list":["post-10727","post","type-post","status-publish","format-standard","has-post-thumbnail","hentry","category-noticiasdiocesanas"],"_links":{"self":[{"href":"http:\/\/obispadodezaratecampana.org\/index.php?rest_route=\/wp\/v2\/posts\/10727","targetHints":{"allow":["GET"]}}],"collection":[{"href":"http:\/\/obispadodezaratecampana.org\/index.php?rest_route=\/wp\/v2\/posts"}],"about":[{"href":"http:\/\/obispadodezaratecampana.org\/index.php?rest_route=\/wp\/v2\/types\/post"}],"author":[{"embeddable":true,"href":"http:\/\/obispadodezaratecampana.org\/index.php?rest_route=\/wp\/v2\/users\/2"}],"replies":[{"embeddable":true,"href":"http:\/\/obispadodezaratecampana.org\/index.php?rest_route=%2Fwp%2Fv2%2Fcomments&post=10727"}],"version-history":[{"count":5,"href":"http:\/\/obispadodezaratecampana.org\/index.php?rest_route=\/wp\/v2\/posts\/10727\/revisions"}],"predecessor-version":[{"id":10762,"href":"http:\/\/obispadodezaratecampana.org\/index.php?rest_route=\/wp\/v2\/posts\/10727\/revisions\/10762"}],"wp:featuredmedia":[{"embeddable":true,"href":"http:\/\/obispadodezaratecampana.org\/index.php?rest_route=\/wp\/v2\/media\/10729"}],"wp:attachment":[{"href":"http:\/\/obispadodezaratecampana.org\/index.php?rest_route=%2Fwp%2Fv2%2Fmedia&parent=10727"}],"wp:term":[{"taxonomy":"category","embeddable":true,"href":"http:\/\/obispadodezaratecampana.org\/index.php?rest_route=%2Fwp%2Fv2%2Fcategories&post=10727"},{"taxonomy":"post_tag","embeddable":true,"href":"http:\/\/obispadodezaratecampana.org\/index.php?rest_route=%2Fwp%2Fv2%2Ftags&post=10727"}],"curies":[{"name":"wp","href":"https:\/\/api.w.org\/{rel}","templated":true}]}}